{"id":2739,"date":"2019-04-19T14:08:57","date_gmt":"2019-04-19T11:08:57","guid":{"rendered":"http:\/\/belediyeis.org.tr\/merkez\/?p=2739"},"modified":"2022-04-04T14:12:36","modified_gmt":"2022-04-04T11:12:36","slug":"bolu-belediyesinde-isciler-ozgurlesti","status":"publish","type":"post","link":"http:\/\/belediyeis.org.tr\/merkez\/2019\/04\/19\/bolu-belediyesinde-isciler-ozgurlesti\/","title":{"rendered":"Bolu Belediyesi&#8217;nde \u0130\u015f\u00e7iler \u00d6zg\u00fcrle\u015fti"},"content":{"rendered":"<p style=\"text-align: justify;\">BOLU \u0130\u015e\u00c7\u0130S\u0130 ANAYASAL SEND\u0130KA SE\u00c7ME HAKKINI KULLANARAK YUVASINA D\u00d6ND\u00dc\u2026<\/p>\n<p style=\"text-align: justify;\">Bolu\u2019da ge\u00e7ti\u011fimiz y\u0131llarda zorla, bask\u0131yla, tehditle, s\u00fcrg\u00fcnle Belediye-\u0130\u015f\u2019ten kopar\u0131lan ve yanda\u015f hormonlu yap\u0131 Hizmet-\u0130\u015f\u2019e \u00fcye olmaya zorlanan Bolu Belediyesi i\u015f\u00e7ileri, 31 Mart yerel se\u00e7imleri sonras\u0131 i\u015fba\u015f\u0131na gelen Belediye Ba\u015fkan\u0131 ve y\u00f6netiminin; \u00e7al\u0131\u015fanlar\u0131n yasal ve Anayasal sendika se\u00e7me haklar\u0131na sayg\u0131 duyan ve demokratik bir ortam olu\u015fturan anlay\u0131\u015f\u0131yla birlikte demokratik haklar\u0131n\u0131 \u00f6zg\u00fcrce kullanarak sendikalar\u0131n\u0131 se\u00e7mi\u015fler ve eski yuvalar\u0131na d\u00f6nerek sendikam\u0131za \u00fcye olmu\u015flard\u0131r.<\/p>\n<p style=\"text-align: justify;\">Hak-\u0130\u015f\/Hizmet-\u0130\u015f anlay\u0131\u015f\u0131 y\u0131llarca i\u015fveren deste\u011fini arkas\u0131na alarak i\u015f\u00e7ilere yapt\u0131\u011f\u0131 bask\u0131 ve zulm\u00fc gizlemek i\u00e7in Pensilvanya\u2019da ziyareti eksik etmedikleri hocalar\u0131n\u0131n takti\u011fini uygulay\u0131p bir \u201calg\u0131 operasyonu\u201d yaparak \u201cma\u011fduru\u201d oynamaya \u00e7al\u0131\u015f\u0131yor.<\/p>\n<p style=\"text-align: justify;\">Yeter art\u0131k b\u0131rak\u0131n bu riyakarl\u0131\u011f\u0131, ikiy\u00fczl\u00fcl\u00fc\u011f\u00fc. Kimse sizin zannetti\u011finiz gibi ger\u00e7eklerden bihaber de\u011fil. Zaman\u0131nda Bolu\u2019da \u00fcyelerimize yap\u0131lan zulm\u00fc, \u00fcyelerimizin Belediye-\u0130\u015f\u2019ten istifa ettirilip yanda\u015f hormonlu yap\u0131n\u0131za nas\u0131l \u00fcye yap\u0131lmaya \u00e7al\u0131\u015f\u0131ld\u0131\u011f\u0131n\u0131 b\u00fct\u00fcn Bolu halk\u0131 biliyor. Keza yan\u0131 ba\u015f\u0131n\u0131zda D\u00fczce\u2019de s\u0131ca\u011f\u0131 so\u011fumayan yapt\u0131klar\u0131n\u0131z var. D\u00fczce\u2019de, sendikam\u0131za \u00fcye oldu\u011fu i\u00e7in bask\u0131yla sendikam\u0131zdan istifa ettirip Hak-\u0130\u015f\/Hizmet-\u0130\u015f\u2019e zorla \u00fcye yapt\u0131r\u0131lan i\u015f\u00e7ilerin ya\u015fad\u0131\u011f\u0131 zulm\u00fc, adaletsizli\u011fi herkes hat\u0131rl\u0131yor, biliyor.<\/p>\n<p style=\"text-align: justify;\">Peki siz, yanda\u015f ve hormonlu yap\u0131 Hizmet-\u0130\u015f\u2026 Siz, 2009 y\u0131l\u0131nda, protez baca\u011f\u0131yla evine ekmek g\u00f6t\u00fcrmek i\u00e7in \u00e7al\u0131\u015f\u0131rken, Belediye-\u0130\u015f\u2019ten istifa etmedi\u011fi ve size yani yanda\u015f, hormonlu sendikaya \u00fcye olmad\u0131\u011f\u0131 i\u00e7in evinden kilometrelerce uza\u011fa s\u00fcrg\u00fcn ettirdi\u011finiz Kocaeli B\u00fcy\u00fck\u015fehir Belediyesi \u0130SU \u0130\u015fyeri Temsilcimiz Havva Y\u00fckselen\u2019i hat\u0131rl\u0131yor musunuz?<\/p>\n<p style=\"text-align: justify;\">Sizde hi\u00e7 utanma yok mu? Siz de ar yok mu? Sizde Allah korkusu yok mu?<\/p>\n<p style=\"text-align: justify;\">Belediye-\u0130\u015f, T\u00fcrkiye\u2019nin d\u00f6rt bir yan\u0131nda m\u00fccadele verirken, \u00fcyelerinin haklar\u0131n\u0131 savunurken, hak hukuk sava\u015f\u0131 verirken; \u00fc\u00e7 maymunu oynayanlar bug\u00fcn \u00e7\u0131km\u0131\u015flar sendikal \u00f6zg\u00fcrl\u00fckten bahsediyorlar. Siz, herkesi kendiniz gibi mi san\u0131yorsunuz?<\/p>\n<p style=\"text-align: justify;\">\u201cHak\u201d \u201cHukuk\u201d \u201cYasa\u201d \u201cAnayasa\u201d \u201cSendika se\u00e7me \u00f6zg\u00fcrl\u00fc\u011f\u00fc\u201d sizin \u00e7ok yabanc\u0131 oldu\u011funuz ama bizim \u00e7ok iyi bildi\u011fimiz ve size defalarca hat\u0131rlatt\u0131\u011f\u0131m\u0131z kelimelerdir. Sizin a\u015fina olduklar\u0131n\u0131z ise \u201cbask\u0131\u201d, \u201ctehdit\u201d, \u201cs\u00fcrg\u00fcn\u201d, \u201cyanda\u015fl\u0131k\u201d, \u201chormonlu b\u00fcy\u00fcme\u201d ve \u201czul\u00fcm\u201dd\u00fcr.<\/p>\n<p style=\"text-align: justify;\">Herkesin istedi\u011fi sendikay\u0131 se\u00e7me hakk\u0131 Anayasal g\u00fcvencededir. Biz y\u0131llard\u0131r hayk\u0131r\u0131yoruz: \u201cSendikalar \u00f6zg\u00fcr olmal\u0131, legal ya da illegal hi\u00e7bir yap\u0131dan talimat almamal\u0131, arka bah\u00e7esi olmamal\u0131, onun u\u015fa\u011f\u0131 olmamal\u0131, emir eri olmamal\u0131. Talimat\u0131 sadece ve sadece \u00fcyesinden i\u015f\u00e7iden almal\u0131\u201d. Bu hayk\u0131r\u0131\u015f\u0131m\u0131z\u0131 hala anlad\u0131\u011f\u0131n\u0131z\u0131 d\u00fc\u015f\u00fcnm\u00fcyoruz.<\/p>\n<p style=\"text-align: justify;\">B\u0131rak\u0131n insanlar Bolu\u2019da oldu\u011fu gibi T\u00fcrkiye\u2019nin di\u011fer yerlerinde de \u00f6zg\u00fcrce Anayasal sendika se\u00e7me haklar\u0131n\u0131 kullan\u0131p, istedikleri sendikaya \u00fcye olsunlar.<\/p>\n<p style=\"text-align: justify;\">Hak-\u0130\u015f Hizmet-\u0130\u015f y\u00f6neticileri, \u015funu akl\u0131n\u0131za yerle\u015ftirin, her karanl\u0131\u011f\u0131n bir sabah\u0131, her zorbal\u0131\u011f\u0131n bir sonu vard\u0131r.<\/p>\n<p style=\"text-align: justify;\">Sayg\u0131lar\u0131m\u0131zla.<\/p>\n<p style=\"text-align: justify;\"><strong>19.04.2019<\/strong><\/p>\n<p style=\"text-align: justify;\"><strong>Belediye-\u0130\u015f Sendikas\u0131<\/strong><\/p>\n<p style=\"text-align: justify;\">\n","protected":false},"excerpt":{"rendered":"<p>BOLU \u0130\u015e\u00c7\u0130S\u0130 ANAYASAL SEND\u0130KA SE\u00c7ME HAKKINI KULLANARAK YUVASINA D\u00d6ND\u00dc\u2026 Bolu\u2019da ge\u00e7ti\u011fimiz y\u0131llarda zorla, bask\u0131yla, tehditle, s\u00fcrg\u00fcnle Belediye-\u0130\u015f\u2019ten kopar\u0131lan ve yanda\u015f hormonlu yap\u0131 Hizmet-\u0130\u015f\u2019e \u00fcye olmaya zorlanan Bolu Belediyesi i\u015f\u00e7ileri, 31 Mart yerel se\u00e7imleri sonras\u0131 i\u015fba\u015f\u0131na gelen Belediye Ba\u015fkan\u0131 ve y\u00f6netiminin; \u00e7al\u0131\u015fanlar\u0131n yasal ve Anayasal sendika se\u00e7me haklar\u0131na sayg\u0131 duyan ve demokratik bir ortam olu\u015fturan anlay\u0131\u015f\u0131yla [&hellip;]<\/p>\n","protected":false},"author":3,"featured_media":1741,"comment_status":"open","ping_status":"open","sticky":false,"template":"","format":"standard","meta":{"jnews-multi-image_gallery":[],"jnews_single_post":{"source_name":"","source_url":"","via_name":"","via_url":"","override_template":"0","override":[{"template":"1","single_blog_custom":"","parallax":"1","fullscreen":"1","layout":"right-sidebar","sidebar":"default-sidebar","second_sidebar":"default-sidebar","sticky_sidebar":"1","share_position":"top","share_float_style":"share-monocrhome","show_share_counter":"1","show_view_counter":"1","show_featured":"1","show_post_meta":"1","show_post_author":"1","show_post_author_image":"1","show_post_date":"1","post_date_format":"default","post_date_format_custom":"Y\/m\/d","show_post_category":"1","show_post_reading_time":"0","post_reading_time_wpm":"300","show_zoom_button":"0","zoom_button_out_step":"2","zoom_button_in_step":"3","show_post_tag":"1","show_prev_next_post":"1","show_popup_post":"1","number_popup_post":"1","show_author_box":"0","show_post_related":"0","show_inline_post_related":"0"}],"override_image_size":"0","image_override":[{"single_post_thumbnail_size":"crop-500","single_post_gallery_size":"crop-500"}],"trending_post":"0","trending_post_position":"meta","trending_post_label":"Trending","sponsored_post":"0","sponsored_post_label":"Sponsored by","sponsored_post_name":"","sponsored_post_url":"","sponsored_post_logo_enable":"0","sponsored_post_logo":"","sponsored_post_desc":"","disable_ad":"0"},"jnews_primary_category":{"id":""},"jnews_social_meta":{"fb_title":"","fb_description":"","fb_image":"","twitter_title":"","twitter_description":"","twitter_image":""},"jnews_override_counter":{"override_view_counter":"0","view_counter_number":"0","override_share_counter":"0","share_counter_number":"0","override_like_counter":"0","like_counter_number":"0","override_dislike_counter":"0","dislike_counter_number":"0"},"footnotes":""},"categories":[1],"tags":[253,155],"class_list":["post-2739","post","type-post","status-publish","format-standard","has-post-thumbnail","hentry","category-genel","tag-bolu-belediyesi","tag-bolu-sube"],"_links":{"self":[{"href":"http:\/\/belediyeis.org.tr\/merkez\/wp-json\/wp\/v2\/posts\/2739","targetHints":{"allow":["GET"]}}],"collection":[{"href":"http:\/\/belediyeis.org.tr\/merkez\/wp-json\/wp\/v2\/posts"}],"about":[{"href":"http:\/\/belediyeis.org.tr\/merkez\/wp-json\/wp\/v2\/types\/post"}],"author":[{"embeddable":true,"href":"http:\/\/belediyeis.org.tr\/merkez\/wp-json\/wp\/v2\/users\/3"}],"replies":[{"embeddable":true,"href":"http:\/\/belediyeis.org.tr\/merkez\/wp-json\/wp\/v2\/comments?post=2739"}],"version-history":[{"count":1,"href":"http:\/\/belediyeis.org.tr\/merkez\/wp-json\/wp\/v2\/posts\/2739\/revisions"}],"predecessor-version":[{"id":2740,"href":"http:\/\/belediyeis.org.tr\/merkez\/wp-json\/wp\/v2\/posts\/2739\/revisions\/2740"}],"wp:featuredmedia":[{"embeddable":true,"href":"http:\/\/belediyeis.org.tr\/merkez\/wp-json\/wp\/v2\/media\/1741"}],"wp:attachment":[{"href":"http:\/\/belediyeis.org.tr\/merkez\/wp-json\/wp\/v2\/media?parent=2739"}],"wp:term":[{"taxonomy":"category","embeddable":true,"href":"http:\/\/belediyeis.org.tr\/merkez\/wp-json\/wp\/v2\/categories?post=2739"},{"taxonomy":"post_tag","embeddable":true,"href":"http:\/\/belediyeis.org.tr\/merkez\/wp-json\/wp\/v2\/tags?post=2739"}],"curies":[{"name":"wp","href":"https:\/\/api.w.org\/{rel}","templated":true}]}}