{"id":2733,"date":"2019-04-22T14:03:59","date_gmt":"2019-04-22T11:03:59","guid":{"rendered":"http:\/\/belediyeis.org.tr\/merkez\/?p=2733"},"modified":"2022-04-04T14:06:11","modified_gmt":"2022-04-04T11:06:11","slug":"chp-lideri-kemal-kilicdarogluna-yapilan-bilincli-planli-saldiriyi-siddetle-kiniyoruz","status":"publish","type":"post","link":"http:\/\/belediyeis.org.tr\/merkez\/2019\/04\/22\/chp-lideri-kemal-kilicdarogluna-yapilan-bilincli-planli-saldiriyi-siddetle-kiniyoruz\/","title":{"rendered":"CHP Lideri Kemal K\u0131l\u0131\u00e7daro\u011flu\u2019na Yap\u0131lan Bilin\u00e7li, Planl\u0131 Sald\u0131r\u0131y\u0131 \u015fiddetle k\u0131n\u0131yoruz."},"content":{"rendered":"<p>CHP Genel Ba\u015fkan\u0131 Kemal K\u0131l\u0131\u00e7daro\u011flu, Ankara&#8217;n\u0131n \u00c7ubuk il\u00e7esinde \u015fehit s\u00f6zle\u015fmeli piyade er Yener K\u0131r\u0131kc\u0131&#8217;n\u0131n cenazesinin ard\u0131ndan bilin\u00e7li, planl\u0131 bir lin\u00e7 giri\u015fimi ile kar\u015f\u0131 kar\u015f\u0131ya kalm\u0131\u015ft\u0131r.<\/p>\n<p>Say\u0131n K\u0131l\u0131\u00e7daro\u011flu\u2019na yap\u0131lan bu sald\u0131r\u0131y\u0131 yapanlar ve yapt\u0131ranlar, \u00fclkemizin birli\u011fini, beraberli\u011fini b\u00fct\u00fcnl\u00fc\u011f\u00fcn\u00fc b\u00f6l\u00fcp par\u00e7alamak isteyen vatan hainleridir. Bu sald\u0131r\u0131, \u00fclkemiz demokrasisine, karde\u015fli\u011fine birli\u011fimize yap\u0131lan bir sald\u0131r\u0131d\u0131r.<\/p>\n<p>Bu d\u00fc\u015f\u00fcncelerle; Cumhuriyet Halk Partisi Genel Ba\u015fkan\u0131 Say\u0131n Kemal K\u0131l\u0131\u00e7daro\u011flu\u2019na ge\u00e7mi\u015f olsun dileklerimizi sunar; halk\u0131m\u0131z\u0131n birli\u011fine, dirli\u011fine y\u00f6nelik bu sald\u0131r\u0131y\u0131 yapanlar\u0131 ve onlar\u0131n azmettiricilerini \u015fiddetle protesto ederiz.<\/p>\n<p><strong>Sayg\u0131lar\u0131m\u0131zla. <\/strong><\/p>\n<p><strong>22.04.2019<\/strong><\/p>\n<p><strong>Belediye-\u0130\u015f Sendikas\u0131<\/strong><\/p>\n","protected":false},"excerpt":{"rendered":"<p>CHP Genel Ba\u015fkan\u0131 Kemal K\u0131l\u0131\u00e7daro\u011flu, Ankara&#8217;n\u0131n \u00c7ubuk il\u00e7esinde \u015fehit s\u00f6zle\u015fmeli piyade er Yener K\u0131r\u0131kc\u0131&#8217;n\u0131n cenazesinin ard\u0131ndan bilin\u00e7li, planl\u0131 bir lin\u00e7 giri\u015fimi ile kar\u015f\u0131 kar\u015f\u0131ya kalm\u0131\u015ft\u0131r. Say\u0131n K\u0131l\u0131\u00e7daro\u011flu\u2019na yap\u0131lan bu sald\u0131r\u0131y\u0131 yapanlar ve yapt\u0131ranlar, \u00fclkemizin birli\u011fini, beraberli\u011fini b\u00fct\u00fcnl\u00fc\u011f\u00fcn\u00fc b\u00f6l\u00fcp par\u00e7alamak isteyen vatan hainleridir. Bu sald\u0131r\u0131, \u00fclkemiz demokrasisine, karde\u015fli\u011fine birli\u011fimize yap\u0131lan bir sald\u0131r\u0131d\u0131r. Bu d\u00fc\u015f\u00fcncelerle; Cumhuriyet Halk [&hellip;]<\/p>\n","protected":false},"author":3,"featured_media":1118,"comment_status":"open","ping_status":"open","sticky":false,"template":"","format":"standard","meta":{"jnews-multi-image_gallery":[],"jnews_single_post":{"source_name":"","source_url":"","via_name":"","via_url":"","override_template":"0","override":[{"template":"1","single_blog_custom":"","parallax":"1","fullscreen":"1","layout":"right-sidebar","sidebar":"default-sidebar","second_sidebar":"default-sidebar","sticky_sidebar":"1","share_position":"top","share_float_style":"share-monocrhome","show_share_counter":"1","show_view_counter":"1","show_featured":"1","show_post_meta":"1","show_post_author":"1","show_post_author_image":"1","show_post_date":"1","post_date_format":"default","post_date_format_custom":"Y\/m\/d","show_post_category":"1","show_post_reading_time":"0","post_reading_time_wpm":"300","show_zoom_button":"0","zoom_button_out_step":"2","zoom_button_in_step":"3","show_post_tag":"1","show_prev_next_post":"1","show_popup_post":"1","number_popup_post":"1","show_author_box":"0","show_post_related":"0","show_inline_post_related":"0"}],"override_image_size":"0","image_override":[{"single_post_thumbnail_size":"crop-500","single_post_gallery_size":"crop-500"}],"trending_post":"0","trending_post_position":"meta","trending_post_label":"Trending","sponsored_post":"0","sponsored_post_label":"Sponsored by","sponsored_post_name":"","sponsored_post_url":"","sponsored_post_logo_enable":"0","sponsored_post_logo":"","sponsored_post_desc":"","disable_ad":"0"},"jnews_primary_category":{"id":""},"jnews_social_meta":{"fb_title":"","fb_description":"","fb_image":"","twitter_title":"","twitter_description":"","twitter_image":""},"jnews_override_counter":{"override_view_counter":"0","view_counter_number":"0","override_share_counter":"0","share_counter_number":"0","override_like_counter":"0","like_counter_number":"0","override_dislike_counter":"0","dislike_counter_number":"0"},"footnotes":""},"categories":[1],"tags":[103,251,252,201],"class_list":["post-2733","post","type-post","status-publish","format-standard","has-post-thumbnail","hentry","category-genel","tag-basin-aciklamasi","tag-chp","tag-kemal-kilicdaroglu","tag-saldiri"],"_links":{"self":[{"href":"http:\/\/belediyeis.org.tr\/merkez\/wp-json\/wp\/v2\/posts\/2733","targetHints":{"allow":["GET"]}}],"collection":[{"href":"http:\/\/belediyeis.org.tr\/merkez\/wp-json\/wp\/v2\/posts"}],"about":[{"href":"http:\/\/belediyeis.org.tr\/merkez\/wp-json\/wp\/v2\/types\/post"}],"author":[{"embeddable":true,"href":"http:\/\/belediyeis.org.tr\/merkez\/wp-json\/wp\/v2\/users\/3"}],"replies":[{"embeddable":true,"href":"http:\/\/belediyeis.org.tr\/merkez\/wp-json\/wp\/v2\/comments?post=2733"}],"version-history":[{"count":1,"href":"http:\/\/belediyeis.org.tr\/merkez\/wp-json\/wp\/v2\/posts\/2733\/revisions"}],"predecessor-version":[{"id":2734,"href":"http:\/\/belediyeis.org.tr\/merkez\/wp-json\/wp\/v2\/posts\/2733\/revisions\/2734"}],"wp:featuredmedia":[{"embeddable":true,"href":"http:\/\/belediyeis.org.tr\/merkez\/wp-json\/wp\/v2\/media\/1118"}],"wp:attachment":[{"href":"http:\/\/belediyeis.org.tr\/merkez\/wp-json\/wp\/v2\/media?parent=2733"}],"wp:term":[{"taxonomy":"category","embeddable":true,"href":"http:\/\/belediyeis.org.tr\/merkez\/wp-json\/wp\/v2\/categories?post=2733"},{"taxonomy":"post_tag","embeddable":true,"href":"http:\/\/belediyeis.org.tr\/merkez\/wp-json\/wp\/v2\/tags?post=2733"}],"curies":[{"name":"wp","href":"https:\/\/api.w.org\/{rel}","templated":true}]}}