{"id":2729,"date":"2019-05-01T13:59:18","date_gmt":"2019-05-01T10:59:18","guid":{"rendered":"http:\/\/belediyeis.org.tr\/merkez\/?p=2729"},"modified":"2022-04-04T14:00:28","modified_gmt":"2022-04-04T11:00:28","slug":"1-mayista-alanlardayiz","status":"publish","type":"post","link":"http:\/\/belediyeis.org.tr\/merkez\/2019\/05\/01\/1-mayista-alanlardayiz\/","title":{"rendered":"1 MAYIS\u2019TA ALANLARDAYIZ"},"content":{"rendered":"<p>Emek D\u00fc\u015fman\u0131 Politikalara, \u0130\u015fsizli\u011fe, Yoksullu\u011fa, K\u0131dem tazminat\u0131n\u0131n zorunlu BES\u2019le birle\u015ftirilerek fona devrine, Emperyalizme Kar\u015f\u0131,<\/p>\n<p>Krizin Faturas\u0131n\u0131 \u00d6dememek \u0130\u00e7in,<\/p>\n<p>1 MAYIS\u2019TA ALANLARDAYIZ<\/p>\n<p>Bug\u00fcn 1 May\u0131s, \u0130\u015f\u00e7i s\u0131n\u0131f\u0131n\u0131n Uluslararas\u0131 Birlik, M\u00fccadele ve Dayan\u0131\u015fma G\u00fcn\u00fc.<\/p>\n<p>Bug\u00fcn; birbirinin dilini bilmeyen milyonlarca emek\u00e7inin, y\u00fczlerce farkl\u0131 \u00fclkede, y\u00fczlerce farkl\u0131 dilde, \u201cEn b\u00fcy\u00fck g\u00fc\u00e7 \u00f6rg\u00fctl\u00fc g\u00fc\u00e7t\u00fcr\u201d, \u015fiar\u0131yla, \u201cEkmek, bar\u0131\u015f ve adalet\u201d talebiyle hayk\u0131rd\u0131\u011f\u0131 g\u00fcnd\u00fcr.<\/p>\n<p>1 May\u0131s sadece bir kutlama de\u011fil, i\u015f\u00e7i s\u0131n\u0131f\u0131n\u0131n, en can al\u0131c\u0131 sorunlar\u0131n\u0131n dile getirildi\u011fi, taleplerinin t\u00fcm topluma ve egemenlere, en g\u00fc\u00e7l\u00fc bi\u00e7imde hayk\u0131r\u0131ld\u0131\u011f\u0131 g\u00fcnd\u00fcr. Bizler de birli\u011fin, m\u00fccadelenin, dayan\u0131\u015fman\u0131n ve direncin sembol\u00fc, emek\u00e7i halk\u0131m\u0131z\u0131n g\u00fcl\u00fcmseyen y\u00fcz\u00fc 1 May\u0131s&#8217;\u2019ta;<\/p>\n<p>K\u0131dem tazminat\u0131n\u0131n zorunlu BES\u2019le birle\u015ftirilerek fona devrine ve talana d\u00f6n\u00fc\u015fen b\u00fct\u00fcn fonlara hay\u0131r demek i\u00e7in alanlarday\u0131z\u2026<\/p>\n<p>Ta\u015feron \u00e7al\u0131\u015fman\u0131n son bulmas\u0131, i\u015fsizli\u011fe, yoksullu\u011fa kar\u015f\u0131, ayr\u0131ms\u0131z kadro talebiyle; g\u00fcvenceli, sendikal\u0131 istihdam i\u00e7in, grev yasaklar\u0131na dur demek i\u00e7in alanlarday\u0131z,<\/p>\n<p>Emeklilikte ya\u015fa tak\u0131lan emek\u00e7ilere adalet istemek i\u00e7in alanlarday\u0131z<\/p>\n<p>\u0130\u015f cinayetlerinin son bulmas\u0131, \u00f6rg\u00fctlenme \u00f6n\u00fcndeki engellerin kald\u0131r\u0131lmas\u0131 i\u00e7in,<\/p>\n<p>Yeni cezaevleri yat\u0131r\u0131mlar\u0131 de\u011fil; \u00fcretime, kamu yat\u0131r\u0131mlar\u0131na dayal\u0131, \u201cinsan onuruna yak\u0131\u015f\u0131r i\u015f\u201d talebiyle alanlarday\u0131z,<\/p>\n<p>%4\u2019l\u00fck sefalet \u00fccret art\u0131\u015f\u0131na kar\u015f\u0131, 696 say\u0131l\u0131 KHK ile gasp edilen toplu s\u00f6zle\u015fme hakk\u0131m\u0131z\u0131 geri almak i\u00e7in alanlarday\u0131z,<\/p>\n<p>Herkese; \u00e7a\u011fda\u015f, nitelikli, e\u015fit, \u00fccretsiz, bilimsel, kamusal e\u011fitim ve sa\u011fl\u0131k i\u00e7in alanlarday\u0131z,<\/p>\n<p>Cumhuriyete, demokratik, laik, sosyal hukuk devletine sahip \u00e7\u0131kmak i\u00e7in alanlarday\u0131z,<\/p>\n<p>\u00dclkemizin t\u00fcm alanlar\u0131nda kulaklar\u0131 olup duymayanlara, g\u00f6zleri olup g\u00f6rmeyenlere, milyonlarca emek\u00e7inin g\u00fcc\u00fcn\u00fc ve kararl\u0131l\u0131\u011f\u0131n\u0131 g\u00f6stermek i\u00e7in taleplerimizi hayk\u0131raca\u011f\u0131z\u2026<\/p>\n<p>De\u011ferli Arkada\u015flar;<\/p>\n<p>Derinle\u015fen ekonomik krizin y\u0131k\u0131c\u0131 etkileriyle; i\u015ften \u00e7\u0131karmalar h\u0131zlanm\u0131\u015f, ger\u00e7ek i\u015fsizlik oran\u0131 y\u00fczde 20\u2019lere, ger\u00e7ek enflasyon ise %30\u2019lara dayanm\u0131\u015ft\u0131r. Hayat pahal\u0131l\u0131\u011f\u0131 ve enflasyon kar\u015f\u0131s\u0131nda \u00fccretler erimi\u015f, al\u0131m g\u00fcc\u00fc d\u00fc\u015fm\u00fc\u015f, emek\u00e7iler sefalet \u015fartlar\u0131nda ya\u015famaya mecbur b\u0131rak\u0131lm\u0131\u015ft\u0131r.<\/p>\n<p>Bu \u00fclkeyi y\u00f6netenlerin ekonomik krize kar\u015f\u0131 buldu\u011fu \u00e7\u00f6z\u00fcm;<\/p>\n<p>K\u0131dem tazminat\u0131n\u0131n Zorunlu Bireysel Emeklilikle (BES) birle\u015ftirilerek fona devridir.<\/p>\n<p>Sosyal g\u00fcvenlik reformu bahanesiyle, emeklilik ya\u015f\u0131n\u0131 y\u00fckseltmek, prim oranlar\u0131nda emek\u00e7iler aleyhine de\u011fi\u015ftirerek emekli maa\u015flar\u0131n\u0131 d\u00fc\u015f\u00fcrmek, sa\u011fl\u0131k katk\u0131 paylar\u0131n\u0131 daha da artt\u0131rmakt\u0131r.<\/p>\n<p>Kamu kaynaklar\u0131n\u0131n bat\u0131k \u015firketleri kurtarmak i\u00e7in bankalara aktar\u0131lmas\u0131d\u0131r.<\/p>\n<p>BU \u00dcLKEY\u0130 Y\u00d6NETENLERE SESLEN\u0130YORUZ; EKONOM\u0130K KR\u0130Z\u0130N SORUMLUSU B\u0130Z DE\u011e\u0130L\u0130Z, BEDEL\u0130N\u0130 \u00d6DEMEYECE\u011e\u0130Z\u2026<\/p>\n<p>Uyar\u0131yoruz \u2026. K\u0131dem Tazminat\u0131 K\u0131rm\u0131z\u0131 \u00e7izgimizdir\u2026<\/p>\n<p>\u0130\u015f\u00e7isiyle k\u00f6yl\u00fcs\u00fcyle, memuruyla t\u00fcm emek\u00e7ilerin, patatese, so\u011fana muhta\u00e7 olup, ge\u00e7im derdine d\u00fc\u015ft\u00fc\u011f\u00fc \u015fu g\u00fcnlerde neyin zorunlu tasarrufundan bahsediyorsunuz?<\/p>\n<p>Siz \u00f6nce, \u00f6l\u00e7\u00fcs\u00fczce, g\u00f6rg\u00fcs\u00fczce yapt\u0131\u011f\u0131n\u0131z israfa, saltanata, \u015fatafata bir son verin\u2026<\/p>\n<p>Emek\u00e7iler; i\u015f derdinde, a\u015f derdinde ge\u00e7im derdinde \u2026<\/p>\n<p>Emek\u00e7iler, hayat pahal\u0131l\u0131\u011f\u0131ndan ge\u00e7im zorlu\u011fundan, evine ayda bir par\u00e7a et g\u00f6t\u00fcremezken, i\u015fsizlikten, yoksulluktan, yoksunluktan k\u0131vran\u0131rken hangi vicdanla, hangi ak\u0131lla zorunlu tasarruftan bahsediyorsunuz?<\/p>\n<p>Krizin bedelini emek\u00e7ilere de\u011fil; ucuz kredi verdi\u011finiz in\u015faat \u015firketlerine, devlet garantisiyle ihale verdi\u011finiz, d\u00fcnyan\u0131n en fazla kamu ihalesi alan m\u00fcteahhitlerinize, teminats\u0131z kredi verdi\u011finiz \u015firketlere, bol kep\u00e7e kredi da\u011f\u0131tt\u0131\u011f\u0131n\u0131z medya patronlar\u0131na \u00f6detin.<\/p>\n<p>De\u011ferli Arkada\u015flar;<\/p>\n<p>Sorumlusu olmad\u0131\u011f\u0131m\u0131z krizin faturas\u0131n\u0131 \u00f6demenin yolu: t\u00fcm emek\u00e7ilerin \u201cEn b\u00fcy\u00fck g\u00fc\u00e7 \u00f6rg\u00fctl\u00fc g\u00fc\u00e7t\u00fcr\u201d \u015fiar\u0131yla, fonu savunan yanda\u015f sendika y\u00f6neticilerine inat, birlikte m\u00fccadelesinden ge\u00e7iyor.<\/p>\n<p>Bu \u00fclkenin ger\u00e7ek sahipleri bizleriz&#8230; Biz kar\u015f\u0131 \u00e7\u0131karsak yapamazlar!&#8230;<\/p>\n<p>\u00c7\u00fcnk\u00fc bizler, bu \u00fclkenin; i\u015f\u00e7ileri, esnaflar\u0131, i\u015fsizleri, \u00e7ift\u00e7ileri, kamu emek\u00e7ileriyiz&#8230;<\/p>\n<p>Bizler, insanlar\u0131n a\u00e7l\u0131ktan \u00f6lmedi\u011fi; \u00e7ocuklar\u0131n sava\u015flar sonucunda anas\u0131z-babas\u0131z kalmad\u0131\u011f\u0131 bir d\u00fcnya i\u00e7in; esnek, g\u00fcvencesiz \u00e7al\u0131\u015ft\u0131rmaya, i\u015fsizli\u011fe, yoksullu\u011fa kar\u015f\u0131, k\u0131dem tazminat\u0131n\u0131n yok edilmesine ve zorunlu BES\u2019le getirilmek istenen k\u00f6lelik d\u00fczenine kar\u015f\u0131 m\u00fccadele ediyoruz,<\/p>\n<p>Bizler, \u00fclkemizde ve d\u00fcnyada bar\u0131\u015f\u0131n, karde\u015fli\u011fin, hukukun, demokrasinin ve dayan\u0131\u015fman\u0131n h\u00fck\u00fcm s\u00fcrmesi i\u00e7in; 1 May\u0131s&#8217;ta alanlarday\u0131z!<\/p>\n<p>\u00c7\u00d6Z\u00dcM ELLER\u0130M\u0130ZDE;<\/p>\n<p>Birle\u015fe birle\u015fe kazanaca\u011f\u0131z<\/p>\n<p>YA\u015eASIN SINIF DAYANI\u015eMASI, YA\u015eASIN 1 MAYIS<\/p>\n<p>BELED\u0130YE-\u0130\u015e SEND\u0130KASI<\/p>\n<p>&nbsp;<\/p>\n","protected":false},"excerpt":{"rendered":"<p>Emek D\u00fc\u015fman\u0131 Politikalara, \u0130\u015fsizli\u011fe, Yoksullu\u011fa, K\u0131dem tazminat\u0131n\u0131n zorunlu BES\u2019le birle\u015ftirilerek fona devrine, Emperyalizme Kar\u015f\u0131, Krizin Faturas\u0131n\u0131 \u00d6dememek \u0130\u00e7in, 1 MAYIS\u2019TA ALANLARDAYIZ Bug\u00fcn 1 May\u0131s, \u0130\u015f\u00e7i s\u0131n\u0131f\u0131n\u0131n Uluslararas\u0131 Birlik, M\u00fccadele ve Dayan\u0131\u015fma G\u00fcn\u00fc. Bug\u00fcn; birbirinin dilini bilmeyen milyonlarca emek\u00e7inin, y\u00fczlerce farkl\u0131 \u00fclkede, y\u00fczlerce farkl\u0131 dilde, \u201cEn b\u00fcy\u00fck g\u00fc\u00e7 \u00f6rg\u00fctl\u00fc g\u00fc\u00e7t\u00fcr\u201d, \u015fiar\u0131yla, \u201cEkmek, bar\u0131\u015f ve adalet\u201d talebiyle [&hellip;]<\/p>\n","protected":false},"author":3,"featured_media":2542,"comment_status":"open","ping_status":"open","sticky":false,"template":"","format":"standard","meta":{"jnews-multi-image_gallery":[],"jnews_single_post":{"source_name":"","source_url":"","via_name":"","via_url":"","override_template":"0","override":[{"template":"1","single_blog_custom":"","parallax":"1","fullscreen":"1","layout":"right-sidebar","sidebar":"default-sidebar","second_sidebar":"default-sidebar","sticky_sidebar":"1","share_position":"top","share_float_style":"share-monocrhome","show_share_counter":"1","show_view_counter":"1","show_featured":"1","show_post_meta":"1","show_post_author":"1","show_post_author_image":"1","show_post_date":"1","post_date_format":"default","post_date_format_custom":"Y\/m\/d","show_post_category":"1","show_post_reading_time":"0","post_reading_time_wpm":"300","show_zoom_button":"0","zoom_button_out_step":"2","zoom_button_in_step":"3","show_post_tag":"1","show_prev_next_post":"1","show_popup_post":"1","number_popup_post":"1","show_author_box":"0","show_post_related":"0","show_inline_post_related":"0"}],"override_image_size":"0","image_override":[{"single_post_thumbnail_size":"crop-500","single_post_gallery_size":"crop-500"}],"trending_post":"0","trending_post_position":"meta","trending_post_label":"Trending","sponsored_post":"0","sponsored_post_label":"Sponsored by","sponsored_post_name":"","sponsored_post_url":"","sponsored_post_logo_enable":"0","sponsored_post_logo":"","sponsored_post_desc":"","disable_ad":"0"},"jnews_primary_category":{"id":""},"jnews_social_meta":{"fb_title":"","fb_description":"","fb_image":"","twitter_title":"","twitter_description":"","twitter_image":""},"jnews_override_counter":{"override_view_counter":"0","view_counter_number":"0","override_share_counter":"0","share_counter_number":"0","override_like_counter":"0","like_counter_number":"0","override_dislike_counter":"0","dislike_counter_number":"0"},"footnotes":""},"categories":[1],"tags":[212],"class_list":["post-2729","post","type-post","status-publish","format-standard","has-post-thumbnail","hentry","category-genel","tag-1-mayis"],"_links":{"self":[{"href":"http:\/\/belediyeis.org.tr\/merkez\/wp-json\/wp\/v2\/posts\/2729","targetHints":{"allow":["GET"]}}],"collection":[{"href":"http:\/\/belediyeis.org.tr\/merkez\/wp-json\/wp\/v2\/posts"}],"about":[{"href":"http:\/\/belediyeis.org.tr\/merkez\/wp-json\/wp\/v2\/types\/post"}],"author":[{"embeddable":true,"href":"http:\/\/belediyeis.org.tr\/merkez\/wp-json\/wp\/v2\/users\/3"}],"replies":[{"embeddable":true,"href":"http:\/\/belediyeis.org.tr\/merkez\/wp-json\/wp\/v2\/comments?post=2729"}],"version-history":[{"count":1,"href":"http:\/\/belediyeis.org.tr\/merkez\/wp-json\/wp\/v2\/posts\/2729\/revisions"}],"predecessor-version":[{"id":2730,"href":"http:\/\/belediyeis.org.tr\/merkez\/wp-json\/wp\/v2\/posts\/2729\/revisions\/2730"}],"wp:featuredmedia":[{"embeddable":true,"href":"http:\/\/belediyeis.org.tr\/merkez\/wp-json\/wp\/v2\/media\/2542"}],"wp:attachment":[{"href":"http:\/\/belediyeis.org.tr\/merkez\/wp-json\/wp\/v2\/media?parent=2729"}],"wp:term":[{"taxonomy":"category","embeddable":true,"href":"http:\/\/belediyeis.org.tr\/merkez\/wp-json\/wp\/v2\/categories?post=2729"},{"taxonomy":"post_tag","embeddable":true,"href":"http:\/\/belediyeis.org.tr\/merkez\/wp-json\/wp\/v2\/tags?post=2729"}],"curies":[{"name":"wp","href":"https:\/\/api.w.org\/{rel}","templated":true}]}}