{"id":2694,"date":"2022-03-31T14:03:47","date_gmt":"2022-03-31T11:03:47","guid":{"rendered":"http:\/\/belediyeis.org.tr\/merkez\/?p=2694"},"modified":"2022-03-31T14:03:47","modified_gmt":"2022-03-31T11:03:47","slug":"sendikamiz-baskanlar-kurulu-toplantisi-yapildi","status":"publish","type":"post","link":"http:\/\/belediyeis.org.tr\/merkez\/2022\/03\/31\/sendikamiz-baskanlar-kurulu-toplantisi-yapildi\/","title":{"rendered":"Sendikam\u0131z Ba\u015fkanlar Kurulu Toplant\u0131s\u0131 Yap\u0131ld\u0131"},"content":{"rendered":"<p style=\"text-align: justify;\">Genel Ba\u015fkan\u0131m\u0131z Nihat Yurdakul ba\u015fkanl\u0131\u011f\u0131ndaki Sendikam\u0131z Ba\u015fkanlar Kurulu Toplant\u0131s\u0131na, Sendikam\u0131z Genel Y\u00f6netim, Denetim ve Disiplin Kurulu \u00fcyeleri, T\u00fcrkiye\u2019nin her b\u00f6lgesini ve ilini temsil eden \u015fube ba\u015fkanlar\u0131 ve Genel Merkez personeli kat\u0131ld\u0131.<\/p>\n<p style=\"text-align: justify;\">Toplant\u0131da konu\u015fan Genel Ba\u015fkan\u0131m\u0131z, Ukrayna ve Rusya aras\u0131ndaki sava\u015f\u0131n bir ay\u0131 \u00e7oktan geride b\u0131rakt\u0131\u011f\u0131n\u0131 belirterek, emperyalist devletlerin \u00e7\u0131kar \u00e7at\u0131\u015fmas\u0131ndan ba\u015fka bir \u015feye hizmet etmeyen sava\u015f\u0131n Ulu \u00d6nder Atat\u00fcrk\u2019\u00fcn \u201cYurtta sulh cihanda sulh\u201d ilkesinin k\u0131ymetini bir kez daha hat\u0131rlatt\u0131\u011f\u0131n\u0131 ifade etti. Yurdakul, <strong>\u201cSava\u015flar, ya\u015fl\u0131, gen\u00e7, kad\u0131n, \u00e7ocuk demeden \u00f6l\u00fcmlere sebep oluyor. Aileleri par\u00e7alayan, b\u00fcy\u00fck ac\u0131lar ve g\u00f6zya\u015f\u0131 getiren, insanlar\u0131 zorunlu g\u00f6\u00e7e zorlayan bu s\u00fcre\u00e7ten en \u00e7ok emek\u00e7i halk zarar g\u00f6rmektedir\u201d<\/strong> dedi.<\/p>\n<p style=\"text-align: justify;\">Bug\u00fcn T\u00fcrkiye\u2019de ekonomik ve y\u00f6netimsel olarak b\u00fcy\u00fck hatalar yap\u0131ld\u0131\u011f\u0131n\u0131, bunun sonucu halk\u0131n i\u015fsizlik, yoksulluk, g\u00fcvencesizlik girdab\u0131ndaki adeta k\u00f6lele\u015ftirildi\u011fini belirten Yurdakul, \u201c<strong>B\u00fct\u00fcn bu e\u015fitsizlikleri, haks\u0131zl\u0131klar\u0131, hukuksuzluklar\u0131 ancak ve ancak demokrasi ve adaletin sa\u011flanmas\u0131yla hukukun \u00fcst\u00fcnl\u00fc\u011f\u00fcyle ortadan kald\u0131rabiliriz. Yap\u0131lan hatalar demokrasi, hukuk ve adaletin olmay\u0131\u015f\u0131ndan\u2026 Demokrasi, hukuk ve adalet yoksa \u00f6rg\u00fctlenmek de zor ya\u015famak da zor. Laiklik olmazsa demokrasi olmaz, demokrasi olmazsa adalet olmaz, demokrasi ve adalet olmazsa da ekonomik \u00f6zg\u00fcrl\u00fck olmaz. Bu nedenle sendikalara, sivil toplum \u00f6rg\u00fctlerine d\u00fc\u015fen, demokrasi, hukuk ve adalet m\u00fccadelesini \u00f6n plana almakt\u0131r<\/strong>\u201d dedi.<\/p>\n<p style=\"text-align: justify;\">\u0130\u015f\u00e7i s\u0131n\u0131f\u0131n\u0131n ve \u00fcniversitelerin \u00fclkeyi \u015fekillendirecek iki temel dinamik oldu\u011funu vurgulayan Yurdakul, \u201c<strong>\u00d6zelle\u015ftirme ad\u0131 alt\u0131nda bu \u00fclkenin birikimleri yanda\u015flara pe\u015fke\u015f \u00e7ekildi. Emek\u00e7i halk\u0131n temel ihtiya\u00e7lar\u0131n\u0131 \u00fcreten tesislerde, \u015fekerde Tekel\u2019de bunu ya\u015fad\u0131k, g\u00f6rd\u00fck. \u015eu an \u00fcretim yok, i\u015f yok! \u00c7a\u011fda\u015f e\u011fitim yok! Bir \u00fclkenin gen\u00e7lerinin, gen\u00e7 beyinlerinin bilimsel, \u00e7a\u011fda\u015f e\u011fitim almas\u0131n\u0131n \u00f6n\u00fc kapat\u0131ld\u0131. Bunun yerine gelece\u011fi tarikatla, karanl\u0131k fikirlerle kurmaya \u00e7al\u0131\u015f\u0131yorlar. Bunun \u00fclkemizin gelece\u011fine faydas\u0131 yok. Bize hukuk laz\u0131m, adalet laz\u0131m, demokrasi laz\u0131m ve sendikalar\u0131n y\u00fcksek sesle laiklik demesi laz\u0131m. Sendikalar\u0131n \u00fcretim demesi, \u00e7a\u011fda\u015f e\u011fitim demesi gerekiyor. Bundan \u00e7ekinmemek laz\u0131m \u00e7\u00fcnk\u00fc laiklik olmadan demokrasi olmuyor, olmaz<\/strong>\u201d diye konu\u015ftu.<\/p>\n<p style=\"text-align: justify;\"><strong>Asgari \u00fccret<\/strong><\/p>\n<p style=\"text-align: justify;\">Emek\u00e7ilerin enflasyon ve hayat pahal\u0131l\u0131\u011f\u0131 girdab\u0131nda \u00e7ok zor g\u00fcnlerden ge\u00e7ti\u011fini belirten Yurdakul, \u201c\u00e7ok \u00f6nemli art\u0131\u015f\u201d, \u201crekor art\u0131\u015f\u201d gibi ifadelerle a\u00e7\u0131klanan asgari \u00fccretin emek\u00e7inin cebine girmeden ilk aydan eridi\u011fini s\u00f6yledi. Asgari \u00fccretin \u015fu an ge\u00e7im \u00fccreti olman\u0131n uza\u011f\u0131nda oldu\u011funu dile getiren Yurdakul, ayr\u0131ca, sendikalar iyi toplu s\u00f6zle\u015fmeler imzalasa dahi her g\u00fcn \u00fcst\u00fcne koyan fiyatlarla \u00fccretlerin eridi\u011fini, al\u0131m g\u00fcc\u00fcn\u00fcn kalmad\u0131\u011f\u0131n\u0131 kaydetti. Yurdakul, \u201cBug\u00fcn asgari \u00fccretin art\u0131r\u0131lmas\u0131 zorunluluktur\u201d dedi.<\/p>\n<p style=\"text-align: justify;\"><strong>\u00a0\u201c\u00c7a\u011fda\u015f ve demokratik bir \u00fclkenin anahtar\u0131 emek\u00e7ilerin elinde\u201d<\/strong><\/p>\n<p style=\"text-align: justify;\">Bug\u00fcn T\u00fcrkiye\u2019de sendikalar\u0131n, sendikal hareketin kontrol alt\u0131nda tutulmaya \u00e7al\u0131\u015f\u0131ld\u0131\u011f\u0131n\u0131 s\u00f6yleyen Yurdakul, \u015fu g\u00f6r\u00fc\u015fleri ifade etti:<\/p>\n<p style=\"text-align: justify;\"><strong>\u201cT\u00fcrkiye\u2019de t\u00fcccar sendikalar var; \u0131rk\u0131, mezhebi savunan ad\u0131na sendika denilen yap\u0131lar var. Bu anlay\u0131\u015fla emek\u00e7ilerin hakk\u0131n\u0131 savunmak m\u00fcmk\u00fcn de\u011fil. Durum bu olunca i\u015f\u00e7inin \u00f6n\u00fcne arabulucu gelir. Durum bu olunca \u00f6rg\u00fctlenme \u00f6n\u00fcne engeller \u00e7\u0131kar, \u00e7\u0131kart\u0131l\u0131r. Durum bu olunca yetki s\u00fcre\u00e7leri belirlenir. <\/strong><\/p>\n<p style=\"text-align: justify;\"><strong>Sendika kendi \u00f6rg\u00fct\u00fcn\u00fcn, i\u015f\u00e7i s\u0131n\u0131f\u0131n\u0131n d\u0131\u015f\u0131nda hi\u00e7bir yap\u0131dan destek almamal\u0131. \u00c7a\u011fda\u015f ve demokratik bir \u00fclkenin anahtar\u0131 i\u015f\u00e7i s\u0131n\u0131f\u0131nda, emek\u00e7ilerin elinde. Sendikalar\u0131n burada \u00f6nc\u00fc rol \u00fcstlenmesi i\u00e7in biat eden de\u011fil, ne yapt\u0131\u011f\u0131n\u0131 bilen yap\u0131lar olmas\u0131 gerekir. Sendikan\u0131n g\u00fcc\u00fcn\u00fc sadece kendi \u00f6rg\u00fct\u00fcnden almas\u0131 gerekir. \u0130\u015f\u00e7i ve emek\u00e7ilerin sorunlar\u0131n\u0131n artt\u0131\u011f\u0131 b\u00f6ylesi bir d\u00f6nemde tek konfederasyon \u00e7at\u0131s\u0131 alt\u0131nda, i\u015fkolunda tek sendika b\u00fcy\u00fck \u00f6nem ta\u015f\u0131yan bir ad\u0131m olacakt\u0131r.\u201d<\/strong><\/p>\n<div id='gallery_1' class='gallery galleryid-2694 gallery-columns-5 gallery-size-thumbnail'><figure class='gallery-item'>\n                <div class='gallery-icon landscape'>\n                    <a href='http:\/\/belediyeis.org.tr\/merkez\/wp-content\/uploads\/2022\/03\/DSC_2795-scaled.jpg'><img decoding=\"async\" width=\"150\" height=\"150\" src=\"\" class=\"attachment-thumbnail size-thumbnail lazyload\" alt=\"\" data-src=\"http:\/\/belediyeis.org.tr\/merkez\/wp-content\/uploads\/2022\/03\/DSC_2795-150x150.jpg\" data-sizes=\"auto\" data-srcset=\"http:\/\/belediyeis.org.tr\/merkez\/wp-content\/uploads\/2022\/03\/DSC_2795-150x150.jpg 150w, http:\/\/belediyeis.org.tr\/merkez\/wp-content\/uploads\/2022\/03\/DSC_2795-75x75.jpg 75w, http:\/\/belediyeis.org.tr\/merkez\/wp-content\/uploads\/2022\/03\/DSC_2795-350x350.jpg 350w\" data-expand=\"700\" \/><\/a>\n                <\/div><\/figure><figure class='gallery-item'>\n                <div class='gallery-icon landscape'>\n                    <a href='http:\/\/belediyeis.org.tr\/merkez\/wp-content\/uploads\/2022\/03\/DSC_2797-scaled.jpg'><img decoding=\"async\" width=\"150\" height=\"150\" src=\"\" class=\"attachment-thumbnail size-thumbnail lazyload\" alt=\"\" data-src=\"http:\/\/belediyeis.org.tr\/merkez\/wp-content\/uploads\/2022\/03\/DSC_2797-150x150.jpg\" data-sizes=\"auto\" data-srcset=\"http:\/\/belediyeis.org.tr\/merkez\/wp-content\/uploads\/2022\/03\/DSC_2797-150x150.jpg 150w, http:\/\/belediyeis.org.tr\/merkez\/wp-content\/uploads\/2022\/03\/DSC_2797-75x75.jpg 75w, http:\/\/belediyeis.org.tr\/merkez\/wp-content\/uploads\/2022\/03\/DSC_2797-350x350.jpg 350w\" data-expand=\"700\" \/><\/a>\n                <\/div><\/figure><figure class='gallery-item'>\n                <div class='gallery-icon landscape'>\n                    <a href='http:\/\/belediyeis.org.tr\/merkez\/wp-content\/uploads\/2022\/03\/DSC_2813-scaled.jpg'><img decoding=\"async\" width=\"150\" height=\"150\" src=\"\" class=\"attachment-thumbnail size-thumbnail lazyload\" alt=\"\" data-src=\"http:\/\/belediyeis.org.tr\/merkez\/wp-content\/uploads\/2022\/03\/DSC_2813-150x150.jpg\" data-sizes=\"auto\" data-srcset=\"http:\/\/belediyeis.org.tr\/merkez\/wp-content\/uploads\/2022\/03\/DSC_2813-150x150.jpg 150w, http:\/\/belediyeis.org.tr\/merkez\/wp-content\/uploads\/2022\/03\/DSC_2813-75x75.jpg 75w, http:\/\/belediyeis.org.tr\/merkez\/wp-content\/uploads\/2022\/03\/DSC_2813-350x350.jpg 350w\" data-expand=\"700\" \/><\/a>\n                <\/div><\/figure><figure class='gallery-item'>\n                <div class='gallery-icon landscape'>\n                    <a href='http:\/\/belediyeis.org.tr\/merkez\/wp-content\/uploads\/2022\/03\/tek_kursu4-scaled.jpg'><img loading=\"lazy\" decoding=\"async\" width=\"150\" height=\"150\" src=\"\" class=\"attachment-thumbnail size-thumbnail lazyload\" alt=\"\" data-src=\"http:\/\/belediyeis.org.tr\/merkez\/wp-content\/uploads\/2022\/03\/tek_kursu4-150x150.jpg\" data-sizes=\"auto\" data-srcset=\"http:\/\/belediyeis.org.tr\/merkez\/wp-content\/uploads\/2022\/03\/tek_kursu4-150x150.jpg 150w, http:\/\/belediyeis.org.tr\/merkez\/wp-content\/uploads\/2022\/03\/tek_kursu4-75x75.jpg 75w, http:\/\/belediyeis.org.tr\/merkez\/wp-content\/uploads\/2022\/03\/tek_kursu4-350x350.jpg 350w\" data-expand=\"700\" \/><\/a>\n                <\/div><\/figure><figure class='gallery-item'>\n                <div class='gallery-icon landscape'>\n                    <a href='http:\/\/belediyeis.org.tr\/merkez\/wp-content\/uploads\/2022\/03\/WhatsApp-Image-2022-03-30-at-11.07.05.jpeg'><img loading=\"lazy\" decoding=\"async\" width=\"150\" height=\"150\" src=\"\" class=\"attachment-thumbnail size-thumbnail lazyload\" alt=\"\" data-src=\"http:\/\/belediyeis.org.tr\/merkez\/wp-content\/uploads\/2022\/03\/WhatsApp-Image-2022-03-30-at-11.07.05-150x150.jpeg\" data-sizes=\"auto\" data-srcset=\"http:\/\/belediyeis.org.tr\/merkez\/wp-content\/uploads\/2022\/03\/WhatsApp-Image-2022-03-30-at-11.07.05-150x150.jpeg 150w, http:\/\/belediyeis.org.tr\/merkez\/wp-content\/uploads\/2022\/03\/WhatsApp-Image-2022-03-30-at-11.07.05-75x75.jpeg 75w, http:\/\/belediyeis.org.tr\/merkez\/wp-content\/uploads\/2022\/03\/WhatsApp-Image-2022-03-30-at-11.07.05-350x350.jpeg 350w\" data-expand=\"700\" \/><\/a>\n                <\/div><\/figure><br style=\"clear: both\" \/>\n            <\/div>\n\n<p style=\"text-align: justify;\">\n","protected":false},"excerpt":{"rendered":"<p>Genel Ba\u015fkan\u0131m\u0131z Nihat Yurdakul ba\u015fkanl\u0131\u011f\u0131ndaki Sendikam\u0131z Ba\u015fkanlar Kurulu Toplant\u0131s\u0131na, Sendikam\u0131z Genel Y\u00f6netim, Denetim ve Disiplin Kurulu \u00fcyeleri, T\u00fcrkiye\u2019nin her b\u00f6lgesini ve ilini temsil eden \u015fube ba\u015fkanlar\u0131 ve Genel Merkez personeli kat\u0131ld\u0131. Toplant\u0131da konu\u015fan Genel Ba\u015fkan\u0131m\u0131z, Ukrayna ve Rusya aras\u0131ndaki sava\u015f\u0131n bir ay\u0131 \u00e7oktan geride b\u0131rakt\u0131\u011f\u0131n\u0131 belirterek, emperyalist devletlerin \u00e7\u0131kar \u00e7at\u0131\u015fmas\u0131ndan ba\u015fka bir \u015feye hizmet etmeyen [&hellip;]<\/p>\n","protected":false},"author":3,"featured_media":2695,"comment_status":"open","ping_status":"open","sticky":false,"template":"","format":"standard","meta":{"jnews-multi-image_gallery":[],"jnews_single_post":{"source_name":"","source_url":"","via_name":"","via_url":"","override_template":"0","override":[{"template":"1","single_blog_custom":"","parallax":"1","fullscreen":"1","layout":"right-sidebar","sidebar":"default-sidebar","second_sidebar":"default-sidebar","sticky_sidebar":"1","share_position":"top","share_float_style":"share-monocrhome","show_share_counter":"1","show_view_counter":"1","show_featured":"1","show_post_meta":"1","show_post_author":"1","show_post_author_image":"1","show_post_date":"1","post_date_format":"default","post_date_format_custom":"Y\/m\/d","show_post_category":"1","show_post_reading_time":"0","post_reading_time_wpm":"300","show_zoom_button":"0","zoom_button_out_step":"2","zoom_button_in_step":"3","show_post_tag":"1","show_prev_next_post":"1","show_popup_post":"1","number_popup_post":"1","show_author_box":"0","show_post_related":"0","show_inline_post_related":"0"}],"override_image_size":"0","image_override":[{"single_post_thumbnail_size":"crop-500","single_post_gallery_size":"crop-500"}],"trending_post":"0","trending_post_position":"meta","trending_post_label":"Trending","sponsored_post":"0","sponsored_post_label":"Sponsored by","sponsored_post_name":"","sponsored_post_url":"","sponsored_post_logo_enable":"0","sponsored_post_logo":"","sponsored_post_desc":"","disable_ad":"0"},"jnews_primary_category":{"id":""},"jnews_social_meta":{"fb_title":"","fb_description":"","fb_image":"","twitter_title":"","twitter_description":"","twitter_image":""},"jnews_override_counter":{"override_view_counter":"0","view_counter_number":"0","override_share_counter":"0","share_counter_number":"0","override_like_counter":"0","like_counter_number":"0","override_dislike_counter":"0","dislike_counter_number":"0"},"footnotes":""},"categories":[1],"tags":[109],"class_list":["post-2694","post","type-post","status-publish","format-standard","has-post-thumbnail","hentry","category-genel","tag-baskanlar-kurulu"],"_links":{"self":[{"href":"http:\/\/belediyeis.org.tr\/merkez\/wp-json\/wp\/v2\/posts\/2694","targetHints":{"allow":["GET"]}}],"collection":[{"href":"http:\/\/belediyeis.org.tr\/merkez\/wp-json\/wp\/v2\/posts"}],"about":[{"href":"http:\/\/belediyeis.org.tr\/merkez\/wp-json\/wp\/v2\/types\/post"}],"author":[{"embeddable":true,"href":"http:\/\/belediyeis.org.tr\/merkez\/wp-json\/wp\/v2\/users\/3"}],"replies":[{"embeddable":true,"href":"http:\/\/belediyeis.org.tr\/merkez\/wp-json\/wp\/v2\/comments?post=2694"}],"version-history":[{"count":1,"href":"http:\/\/belediyeis.org.tr\/merkez\/wp-json\/wp\/v2\/posts\/2694\/revisions"}],"predecessor-version":[{"id":2701,"href":"http:\/\/belediyeis.org.tr\/merkez\/wp-json\/wp\/v2\/posts\/2694\/revisions\/2701"}],"wp:featuredmedia":[{"embeddable":true,"href":"http:\/\/belediyeis.org.tr\/merkez\/wp-json\/wp\/v2\/media\/2695"}],"wp:attachment":[{"href":"http:\/\/belediyeis.org.tr\/merkez\/wp-json\/wp\/v2\/media?parent=2694"}],"wp:term":[{"taxonomy":"category","embeddable":true,"href":"http:\/\/belediyeis.org.tr\/merkez\/wp-json\/wp\/v2\/categories?post=2694"},{"taxonomy":"post_tag","embeddable":true,"href":"http:\/\/belediyeis.org.tr\/merkez\/wp-json\/wp\/v2\/tags?post=2694"}],"curies":[{"name":"wp","href":"https:\/\/api.w.org\/{rel}","templated":true}]}}