{"id":2671,"date":"2022-03-29T16:55:53","date_gmt":"2022-03-29T13:55:53","guid":{"rendered":"http:\/\/belediyeis.org.tr\/merkez\/?p=2671"},"modified":"2022-03-29T16:55:53","modified_gmt":"2022-03-29T13:55:53","slug":"belediye-is-sendikasi-ankara-cevre-belediyeler-subesi-genel-kurul-ilani","status":"publish","type":"post","link":"http:\/\/belediyeis.org.tr\/merkez\/2022\/03\/29\/belediye-is-sendikasi-ankara-cevre-belediyeler-subesi-genel-kurul-ilani\/","title":{"rendered":"Belediye-\u0130\u015f Sendikas\u0131 Ankara \u00c7evre Belediyeler \u015eubesi Genel Kurul \u0130lan\u0131"},"content":{"rendered":"<p>Belediye-\u0130\u015f Sendikas\u0131 Ankara \u00c7evre Belediyeler \u015eube\u2019nin 12. Ola\u011fan Genel Kurulu 17 Nisan 2022 Pazar g\u00fcn\u00fc Saat 10.00\u2019da a\u015fa\u011f\u0131da ilan edilen g\u00fcndem gere\u011fince Kuzeykent Mahallesi Erg\u00fcl Sokak Kastamonu adresindeki Kastamonu Belediyesi Nikah ve Konferans Salonunda yap\u0131lacakt\u0131r. \u0130lk toplant\u0131da \u00e7o\u011funlu\u011fun sa\u011flanamamas\u0131 halinde ikinci toplant\u0131 24 Nisan 2022 Pazar g\u00fcn\u00fc Saat 10.00\u2019da yine ayn\u0131 adreste yap\u0131lacakt\u0131r.<\/p>\n<p>6356 Say\u0131l\u0131 Sendikalar ve Toplu \u0130\u015f S\u00f6zle\u015fmesi Kanunu ve Sendika Ana T\u00fcz\u00fc\u011f\u00fc\u2019n\u00fcn ilgili maddeleri gere\u011fince ilan olunur.<\/p>\n<p><strong>Belediye-\u0130\u015f Sendikas\u0131<\/strong><br \/>\n<strong>Ankara \u00c7evre Belediyeler \u015eube Y\u00f6netim Kurulu<\/strong><\/p>\n<p><strong>G \u00dc N D E M:<\/strong><br \/>\n1. Yoklama ve a\u00e7\u0131l\u0131\u015f<br \/>\n2. Genel Kurul Ba\u015fkanl\u0131k Divan\u0131 Se\u00e7imi<br \/>\n3. Sayg\u0131 Duru\u015fu ve \u0130stiklal Mar\u015f\u0131<br \/>\n4. Konuklar\u0131n tan\u0131t\u0131m\u0131<br \/>\n5. Raporlar\u0131n g\u00f6r\u00fc\u015f\u00fclmesi ve Kurullar\u0131n ibras\u0131 (Y\u00f6netim ve Denetleme)<br \/>\n6. Kurullar\u0131n se\u00e7imi;<br \/>\na. Y\u00f6netim Kurulu asil ve yedek \u00fcyeleri<br \/>\nb. Denetleme Kurulu asil ve yedek \u00fcyeleri<br \/>\nc. Disiplin Kurulu asil ve yedek \u00fcyeleri<br \/>\nd. Genel Merkez \u00fcst kurul delegeleri<br \/>\n7.Kapan\u0131\u015f<\/p>\n<p><strong>\u0130lan Tarihi: 29.03.2022<\/strong><\/p>\n","protected":false},"excerpt":{"rendered":"<p>Belediye-\u0130\u015f Sendikas\u0131 Ankara \u00c7evre Belediyeler \u015eube\u2019nin 12. Ola\u011fan Genel Kurulu 17 Nisan 2022 Pazar g\u00fcn\u00fc Saat 10.00\u2019da a\u015fa\u011f\u0131da ilan edilen g\u00fcndem gere\u011fince Kuzeykent Mahallesi Erg\u00fcl Sokak Kastamonu adresindeki Kastamonu Belediyesi Nikah ve Konferans Salonunda yap\u0131lacakt\u0131r. \u0130lk toplant\u0131da \u00e7o\u011funlu\u011fun sa\u011flanamamas\u0131 halinde ikinci toplant\u0131 24 Nisan 2022 Pazar g\u00fcn\u00fc Saat 10.00\u2019da yine ayn\u0131 adreste yap\u0131lacakt\u0131r. 6356 Say\u0131l\u0131 [&hellip;]<\/p>\n","protected":false},"author":3,"featured_media":1118,"comment_status":"open","ping_status":"open","sticky":false,"template":"","format":"standard","meta":{"jnews-multi-image_gallery":[],"jnews_single_post":{"source_name":"","source_url":"","via_name":"","via_url":"","override_template":"0","override":[{"template":"1","single_blog_custom":"","parallax":"1","fullscreen":"1","layout":"right-sidebar","sidebar":"default-sidebar","second_sidebar":"default-sidebar","sticky_sidebar":"1","share_position":"top","share_float_style":"share-monocrhome","show_share_counter":"1","show_view_counter":"1","show_featured":"1","show_post_meta":"1","show_post_author":"1","show_post_author_image":"1","show_post_date":"1","post_date_format":"default","post_date_format_custom":"Y\/m\/d","show_post_category":"1","show_post_reading_time":"0","post_reading_time_wpm":"300","show_zoom_button":"0","zoom_button_out_step":"2","zoom_button_in_step":"3","show_post_tag":"1","show_prev_next_post":"1","show_popup_post":"1","number_popup_post":"1","show_author_box":"0","show_post_related":"0","show_inline_post_related":"0"}],"override_image_size":"0","image_override":[{"single_post_thumbnail_size":"crop-500","single_post_gallery_size":"crop-500"}],"trending_post":"0","trending_post_position":"meta","trending_post_label":"Trending","sponsored_post":"0","sponsored_post_label":"Sponsored by","sponsored_post_name":"","sponsored_post_url":"","sponsored_post_logo_enable":"0","sponsored_post_logo":"","sponsored_post_desc":"","disable_ad":"0"},"jnews_primary_category":{"id":""},"jnews_social_meta":{"fb_title":"","fb_description":"","fb_image":"","twitter_title":"","twitter_description":"","twitter_image":""},"jnews_override_counter":{"override_view_counter":"0","view_counter_number":"0","override_share_counter":"0","share_counter_number":"0","override_like_counter":"0","like_counter_number":"0","override_dislike_counter":"0","dislike_counter_number":"0"},"footnotes":""},"categories":[1],"tags":[244,104],"class_list":["post-2671","post","type-post","status-publish","format-standard","has-post-thumbnail","hentry","category-genel","tag-ankara-cevre-belediyeler-subesi","tag-genel-kurul-ilani"],"_links":{"self":[{"href":"http:\/\/belediyeis.org.tr\/merkez\/wp-json\/wp\/v2\/posts\/2671","targetHints":{"allow":["GET"]}}],"collection":[{"href":"http:\/\/belediyeis.org.tr\/merkez\/wp-json\/wp\/v2\/posts"}],"about":[{"href":"http:\/\/belediyeis.org.tr\/merkez\/wp-json\/wp\/v2\/types\/post"}],"author":[{"embeddable":true,"href":"http:\/\/belediyeis.org.tr\/merkez\/wp-json\/wp\/v2\/users\/3"}],"replies":[{"embeddable":true,"href":"http:\/\/belediyeis.org.tr\/merkez\/wp-json\/wp\/v2\/comments?post=2671"}],"version-history":[{"count":1,"href":"http:\/\/belediyeis.org.tr\/merkez\/wp-json\/wp\/v2\/posts\/2671\/revisions"}],"predecessor-version":[{"id":2672,"href":"http:\/\/belediyeis.org.tr\/merkez\/wp-json\/wp\/v2\/posts\/2671\/revisions\/2672"}],"wp:featuredmedia":[{"embeddable":true,"href":"http:\/\/belediyeis.org.tr\/merkez\/wp-json\/wp\/v2\/media\/1118"}],"wp:attachment":[{"href":"http:\/\/belediyeis.org.tr\/merkez\/wp-json\/wp\/v2\/media?parent=2671"}],"wp:term":[{"taxonomy":"category","embeddable":true,"href":"http:\/\/belediyeis.org.tr\/merkez\/wp-json\/wp\/v2\/categories?post=2671"},{"taxonomy":"post_tag","embeddable":true,"href":"http:\/\/belediyeis.org.tr\/merkez\/wp-json\/wp\/v2\/tags?post=2671"}],"curies":[{"name":"wp","href":"https:\/\/api.w.org\/{rel}","templated":true}]}}