{"id":2664,"date":"2019-08-01T13:23:54","date_gmt":"2019-08-01T10:23:54","guid":{"rendered":"http:\/\/belediyeis.org.tr\/merkez\/?p=2664"},"modified":"2022-03-29T13:25:53","modified_gmt":"2022-03-29T10:25:53","slug":"basindan-evrensel-gazetesi-hizmet-is-yoneticisinden-belediye-is-yoneticisine-bicakli-saldiri","status":"publish","type":"post","link":"http:\/\/belediyeis.org.tr\/merkez\/2019\/08\/01\/basindan-evrensel-gazetesi-hizmet-is-yoneticisinden-belediye-is-yoneticisine-bicakli-saldiri\/","title":{"rendered":"Bas\u0131ndan &#8211; Evrensel Gazetesi &#8211; Hizmet-\u0130\u015f y\u00f6neticisinden Belediye-\u0130\u015f y\u00f6neticisine b\u0131\u00e7akl\u0131 sald\u0131r\u0131"},"content":{"rendered":"<p style=\"text-align: justify;\">Belediye-\u0130\u015f Genel Merkez Y\u00f6neticisi Bayram \u00d6zkan, Hak-\u0130\u015f\u2019e ba\u011fl\u0131 Hizmet-\u0130\u015f \u015eube Y\u00f6neticisi H\u00fcseyin Top\u00e7u taraf\u0131ndan b\u0131\u00e7akl\u0131 sald\u0131r\u0131ya u\u011frad\u0131\u011f\u0131n\u0131 iddia etti.<\/p>\n<p style=\"text-align: justify;\">Belediye-\u0130\u015f Genel Merkez Y\u00f6neticisi Bayram \u00d6zkan Anadolu Yakas\u0131 Yol Bak\u0131m 7. B\u00f6lge\u2019de \u00e7al\u0131\u015fan i\u015f\u00e7ilerle bir araya geldi\u011fi s\u0131rada Hak-\u0130\u015f\u2019e ba\u011fl\u0131 Hizmet-\u0130\u015f \u015eube Y\u00f6neticisi H\u00fcseyin Top\u00e7u\u2019nun kendisine b\u0131\u00e7ak \u00e7ekerek sald\u0131rd\u0131\u011f\u0131n\u0131 iddia etti.<\/p>\n<p style=\"text-align: justify;\">\u00d6zkan, sosyal medya \u00fczerinden yapt\u0131\u011f\u0131 a\u00e7\u0131klamada, \u201c\u0130stanbul B\u00fcy\u00fck\u015fehir Belediyesi\u2019ndeki \u00fcyelerimizi, i\u015fveren bask\u0131s\u0131yla yanda\u015f yap\u0131lar\u0131na ge\u00e7irmeye \u00e7al\u0131\u015fanlar bug\u00fcn i\u015f\u00e7iler \u00f6zg\u00fcr iradeleriyle yuvalar\u0131na d\u00f6nerken; sendikac\u0131l\u0131\u011f\u0131 bilmediklerinden olsa gerek mafyavari y\u00f6ntemlere ba\u015fvurmaya \u00e7al\u0131\u015fmaktad\u0131rlar. Hak-\u0130\u015f\/Hizmet-\u0130\u015f\u2019in \u015fube ba\u015fkanlar\u0131ndan H\u00fcseyin Top\u00e7u isimli \u015fah\u0131s, Anadolu Yakas\u0131 Yol Bak\u0131m 7. B\u00f6lge\u2019de arkada\u015flar\u0131m\u0131zla bir araya geldi\u011fimiz s\u0131rada; sendikac\u0131 gibi de\u011fil de mafya bozuntular\u0131 gibi toplant\u0131m\u0131z\u0131 sabote etmeye \u00e7al\u0131\u015fm\u0131\u015f ve \u015fahs\u0131ma b\u0131\u00e7ak \u00e7ekmi\u015ftir. Bu \u015fahs\u0131n giri\u015fimi elbette ki ba\u015far\u0131s\u0131zl\u0131kla sonu\u00e7lanm\u0131\u015ft\u0131r. Her zaman oldu\u011fu gibi bug\u00fcn de mafyac\u0131l\u0131k de\u011fil, yanda\u015fl\u0131k de\u011fil; al\u0131n teri kazanm\u0131\u015ft\u0131r. \u0130stanbul emek\u00e7isi bu \u015fahsa gerekli cevab\u0131 an\u0131nda vermi\u015ftir\u201d dedi.<\/p>\n<p style=\"text-align: justify;\">(\u0130stanbul\/EVRENSEL)<\/p>\n<p style=\"text-align: justify;\">01.08.2019<\/p>\n","protected":false},"excerpt":{"rendered":"<p>Belediye-\u0130\u015f Genel Merkez Y\u00f6neticisi Bayram \u00d6zkan, Hak-\u0130\u015f\u2019e ba\u011fl\u0131 Hizmet-\u0130\u015f \u015eube Y\u00f6neticisi H\u00fcseyin Top\u00e7u taraf\u0131ndan b\u0131\u00e7akl\u0131 sald\u0131r\u0131ya u\u011frad\u0131\u011f\u0131n\u0131 iddia etti. Belediye-\u0130\u015f Genel Merkez Y\u00f6neticisi Bayram \u00d6zkan Anadolu Yakas\u0131 Yol Bak\u0131m 7. B\u00f6lge\u2019de \u00e7al\u0131\u015fan i\u015f\u00e7ilerle bir araya geldi\u011fi s\u0131rada Hak-\u0130\u015f\u2019e ba\u011fl\u0131 Hizmet-\u0130\u015f \u015eube Y\u00f6neticisi H\u00fcseyin Top\u00e7u\u2019nun kendisine b\u0131\u00e7ak \u00e7ekerek sald\u0131rd\u0131\u011f\u0131n\u0131 iddia etti. \u00d6zkan, sosyal medya \u00fczerinden yapt\u0131\u011f\u0131 [&hellip;]<\/p>\n","protected":false},"author":3,"featured_media":2665,"comment_status":"open","ping_status":"open","sticky":false,"template":"","format":"standard","meta":{"jnews-multi-image_gallery":[],"jnews_single_post":{"source_name":"","source_url":"","via_name":"","via_url":"","override_template":"0","override":[{"template":"1","single_blog_custom":"","parallax":"1","fullscreen":"1","layout":"right-sidebar","sidebar":"default-sidebar","second_sidebar":"default-sidebar","sticky_sidebar":"1","share_position":"top","share_float_style":"share-monocrhome","show_share_counter":"1","show_view_counter":"1","show_featured":"1","show_post_meta":"1","show_post_author":"1","show_post_author_image":"1","show_post_date":"1","post_date_format":"default","post_date_format_custom":"Y\/m\/d","show_post_category":"1","show_post_reading_time":"0","post_reading_time_wpm":"300","show_zoom_button":"0","zoom_button_out_step":"2","zoom_button_in_step":"3","show_post_tag":"1","show_prev_next_post":"1","show_popup_post":"1","number_popup_post":"1","show_author_box":"0","show_post_related":"0","show_inline_post_related":"0"}],"override_image_size":"0","image_override":[{"single_post_thumbnail_size":"crop-500","single_post_gallery_size":"crop-500"}],"trending_post":"0","trending_post_position":"meta","trending_post_label":"Trending","sponsored_post":"0","sponsored_post_label":"Sponsored by","sponsored_post_name":"","sponsored_post_url":"","sponsored_post_logo_enable":"0","sponsored_post_logo":"","sponsored_post_desc":"","disable_ad":"0"},"jnews_primary_category":{"id":""},"jnews_social_meta":{"fb_title":"","fb_description":"","fb_image":"","twitter_title":"","twitter_description":"","twitter_image":""},"jnews_override_counter":{"override_view_counter":"0","view_counter_number":"0","override_share_counter":"0","share_counter_number":"0","override_like_counter":"0","like_counter_number":"0","override_dislike_counter":"0","dislike_counter_number":"0"},"footnotes":""},"categories":[1],"tags":[158,241,242,201],"class_list":["post-2664","post","type-post","status-publish","format-standard","has-post-thumbnail","hentry","category-genel","tag-basindan","tag-bayram-ozkan","tag-bicakli-saldiri","tag-saldiri"],"_links":{"self":[{"href":"http:\/\/belediyeis.org.tr\/merkez\/wp-json\/wp\/v2\/posts\/2664","targetHints":{"allow":["GET"]}}],"collection":[{"href":"http:\/\/belediyeis.org.tr\/merkez\/wp-json\/wp\/v2\/posts"}],"about":[{"href":"http:\/\/belediyeis.org.tr\/merkez\/wp-json\/wp\/v2\/types\/post"}],"author":[{"embeddable":true,"href":"http:\/\/belediyeis.org.tr\/merkez\/wp-json\/wp\/v2\/users\/3"}],"replies":[{"embeddable":true,"href":"http:\/\/belediyeis.org.tr\/merkez\/wp-json\/wp\/v2\/comments?post=2664"}],"version-history":[{"count":1,"href":"http:\/\/belediyeis.org.tr\/merkez\/wp-json\/wp\/v2\/posts\/2664\/revisions"}],"predecessor-version":[{"id":2666,"href":"http:\/\/belediyeis.org.tr\/merkez\/wp-json\/wp\/v2\/posts\/2664\/revisions\/2666"}],"wp:featuredmedia":[{"embeddable":true,"href":"http:\/\/belediyeis.org.tr\/merkez\/wp-json\/wp\/v2\/media\/2665"}],"wp:attachment":[{"href":"http:\/\/belediyeis.org.tr\/merkez\/wp-json\/wp\/v2\/media?parent=2664"}],"wp:term":[{"taxonomy":"category","embeddable":true,"href":"http:\/\/belediyeis.org.tr\/merkez\/wp-json\/wp\/v2\/categories?post=2664"},{"taxonomy":"post_tag","embeddable":true,"href":"http:\/\/belediyeis.org.tr\/merkez\/wp-json\/wp\/v2\/tags?post=2664"}],"curies":[{"name":"wp","href":"https:\/\/api.w.org\/{rel}","templated":true}]}}