{"id":2656,"date":"2019-08-17T13:12:13","date_gmt":"2019-08-17T10:12:13","guid":{"rendered":"http:\/\/belediyeis.org.tr\/merkez\/?p=2656"},"modified":"2022-03-29T13:16:25","modified_gmt":"2022-03-29T10:16:25","slug":"17-agustos-depremini-unutmadik","status":"publish","type":"post","link":"http:\/\/belediyeis.org.tr\/merkez\/2019\/08\/17\/17-agustos-depremini-unutmadik\/","title":{"rendered":"17 A\u011fustos depremini unutmad\u0131k\u2026"},"content":{"rendered":"<p style=\"text-align: justify;\">Merkez \u00fcss\u00fc Kocaeli&#8217;nin G\u00f6lc\u00fck il\u00e7esi olan 17 A\u011fustos 1999&#8217;da saat 03.02&#8217;de meydana gelen ve yakla\u015f\u0131k 45 saniye s\u00fcren 7.4 b\u00fcy\u00fckl\u00fc\u011f\u00fcndeki depremin \u00fczerinden 20 y\u0131l ge\u00e7ti.<\/p>\n<p style=\"text-align: justify;\">Kocaeli, G\u00f6lc\u00fck, D\u00fczce, Sakarya, \u0130stanbul ve Yalova&#8217;da b\u00fcy\u00fck can ve mal kayb\u0131 ile y\u0131k\u0131ma neden olan depremde resmi verilere g\u00f6re 17 bin 480 ki\u015fi hayat\u0131n\u0131 kaybederken on binlerce ki\u015fi yaraland\u0131.<\/p>\n<p style=\"text-align: justify;\">Marmara Depremi&#8217;nden en \u00e7ok etkilenen Kocaeli&#8217;nde 9 bin 477 ki\u015fi ya\u015fam\u0131n\u0131 yitirdi, 9 bin 881 ki\u015fi yaraland\u0131.<\/p>\n<p style=\"text-align: justify;\">Tek dile\u011fimiz t\u00fcm bu ac\u0131lar\u0131n bir daha ya\u015fanmamas\u0131. Ancak \u00fclkemizin de Yerk\u00fcre\u2018nin en etkin ve y\u0131k\u0131c\u0131 deprem ku\u015faklar\u0131ndan birinin \u00fczerinde bulundu\u011fu da bilimsel bir ger\u00e7ek.<\/p>\n<p style=\"text-align: justify;\">N\u00fcfusumuzun %95\u2018inin deprem tehlikesi alt\u0131nda, b\u00fcy\u00fck sanayi merkezlerinin %98\u2018i ve barajlar\u0131m\u0131z\u0131n %93\u2018\u00fcn\u00fcn deprem b\u00f6lgesinde. K\u0131sacas\u0131 \u00fclkemiz, depremle bir arada ya\u015famaya mecbur bir \u00fclke&#8230;<\/p>\n<p style=\"text-align: justify;\">T\u00fcm d\u00fcnyada \u00e7a\u011fda\u015f \u00fclkeler ak\u0131l ve bilimle depremin do\u011fas\u0131n\u0131 \u00e7\u00f6zm\u00fc\u015ft\u00fcr. Depremler yerkabu\u011funu olu\u015fturan levhalar\u0131n s\u0131n\u0131rlar\u0131ndaki devingenlik ve de\u011fi\u015fim nedeniyle, bu ortamdaki deformasyonlar ve gerilme birikimlerinin k\u0131r\u0131lma s\u0131n\u0131r\u0131na ula\u015ft\u0131\u011f\u0131nda olu\u015fan ve saniyeler s\u00fcren, Yerk\u00fcre\u2018nin do\u011fal s\u00fcre\u00e7leridir.<\/p>\n<p style=\"text-align: justify;\">Bu do\u011fal s\u00fcrecin olu\u015fumu \u00f6nlenemez ve engellenemez. Ancak gerekli tedbirlerle, \u00f6zellikle yap\u0131sal tedbirlerle, can ve mal kay\u0131plar\u0131 azalt\u0131labilir. Ancak ne yaz\u0131k ki \u00fclkemiz y\u00f6neticileri bilimi, teknolojiye kulak asmamadan, bilim adamlar\u0131n\u0131n deprem tehlikesi ve riski konusunda s\u00fcrekli yineledi\u011fi uyar\u0131lar\u0131n\u0131 kulak arkas\u0131 etmi\u015flerdir.<\/p>\n<p style=\"text-align: justify;\">Bilime ve m\u00fchendisli\u011fe, akla ve uygarl\u0131\u011fa ayk\u0131r\u0131 olarak siyasal iktidarlarca uygulanan rant politikalar\u0131 nedeniyle, \u00fclkemiz sadece bir &#8220;deprem \u00fclkesi&#8221; de\u011fil bir &#8220;afet \u00fclkesi&#8221; olmu\u015ftur.<\/p>\n<p style=\"text-align: justify;\">\u00dclkemizde dereler, vadiler, ormanlar, su havzalar\u0131, deprem tehlikesi i\u00e7eren, k\u0131saca yap\u0131la\u015fmaya uygun olmayan alanlar, rant ekonomisinin bask\u0131s\u0131 alt\u0131nda yap\u0131la\u015fmaya a\u00e7\u0131lm\u0131\u015ft\u0131r, gelecekte a\u00e7\u0131lmamas\u0131 y\u00f6n\u00fcnde ciddi bir irade de yoktur.<\/p>\n<p style=\"text-align: justify;\">Depremlerden ve di\u011fer b\u00fct\u00fcn do\u011fal ve yapay afetlerden korunmak y\u00f6n\u00fcnde istemler en temel insan hakk\u0131d\u0131r. Daha g\u00fcvenli, daha sa\u011fl\u0131kl\u0131 ve ya\u015fanabilir \u00e7evrenin her yurtta\u015f i\u00e7in temel bir insan hakk\u0131 oldu\u011fu ana ilke olarak kabul edilmelidir.<\/p>\n<p style=\"text-align: justify;\">Deprem hasar, zarar ve can kay\u0131plar\u0131n\u0131n azalt\u0131lmas\u0131n\u0131n bilinen tek yolu, kamu yarar\u0131 ve \u00fclke \u00e7\u0131kar\u0131 ba\u011flam\u0131nda ulusal bir deprem politikas\u0131 belirlenerek ciddi programlar olu\u015fturulmal\u0131 ve daha da \u00f6nemlisi bunlar ya\u015fama ge\u00e7irilmelidir.<\/p>\n<p style=\"text-align: justify;\">Sayg\u0131lar\u0131m\u0131zla.<\/p>\n<p style=\"text-align: justify;\">17.08.2019<\/p>\n<p style=\"text-align: justify;\">Belediye-\u0130\u015f Sendikas\u0131<\/p>\n","protected":false},"excerpt":{"rendered":"<p>Merkez \u00fcss\u00fc Kocaeli&#8217;nin G\u00f6lc\u00fck il\u00e7esi olan 17 A\u011fustos 1999&#8217;da saat 03.02&#8217;de meydana gelen ve yakla\u015f\u0131k 45 saniye s\u00fcren 7.4 b\u00fcy\u00fckl\u00fc\u011f\u00fcndeki depremin \u00fczerinden 20 y\u0131l ge\u00e7ti. Kocaeli, G\u00f6lc\u00fck, D\u00fczce, Sakarya, \u0130stanbul ve Yalova&#8217;da b\u00fcy\u00fck can ve mal kayb\u0131 ile y\u0131k\u0131ma neden olan depremde resmi verilere g\u00f6re 17 bin 480 ki\u015fi hayat\u0131n\u0131 kaybederken on binlerce ki\u015fi yaraland\u0131. [&hellip;]<\/p>\n","protected":false},"author":3,"featured_media":2657,"comment_status":"open","ping_status":"open","sticky":false,"template":"","format":"standard","meta":{"jnews-multi-image_gallery":[],"jnews_single_post":{"source_name":"","source_url":"","via_name":"","via_url":"","override_template":"0","override":[{"template":"1","single_blog_custom":"","parallax":"1","fullscreen":"1","layout":"right-sidebar","sidebar":"default-sidebar","second_sidebar":"default-sidebar","sticky_sidebar":"1","share_position":"top","share_float_style":"share-monocrhome","show_share_counter":"1","show_view_counter":"1","show_featured":"1","show_post_meta":"1","show_post_author":"1","show_post_author_image":"1","show_post_date":"1","post_date_format":"default","post_date_format_custom":"Y\/m\/d","show_post_category":"1","show_post_reading_time":"0","post_reading_time_wpm":"300","show_zoom_button":"0","zoom_button_out_step":"2","zoom_button_in_step":"3","show_post_tag":"1","show_prev_next_post":"1","show_popup_post":"1","number_popup_post":"1","show_author_box":"0","show_post_related":"0","show_inline_post_related":"0"}],"override_image_size":"0","image_override":[{"single_post_thumbnail_size":"crop-500","single_post_gallery_size":"crop-500"}],"trending_post":"0","trending_post_position":"meta","trending_post_label":"Trending","sponsored_post":"0","sponsored_post_label":"Sponsored by","sponsored_post_name":"","sponsored_post_url":"","sponsored_post_logo_enable":"0","sponsored_post_logo":"","sponsored_post_desc":"","disable_ad":"0"},"jnews_primary_category":{"id":""},"jnews_social_meta":{"fb_title":"","fb_description":"","fb_image":"","twitter_title":"","twitter_description":"","twitter_image":""},"jnews_override_counter":{"override_view_counter":"0","view_counter_number":"0","override_share_counter":"0","share_counter_number":"0","override_like_counter":"0","like_counter_number":"0","override_dislike_counter":"0","dislike_counter_number":"0"},"footnotes":""},"categories":[1],"tags":[199],"class_list":["post-2656","post","type-post","status-publish","format-standard","has-post-thumbnail","hentry","category-genel","tag-17-agustos"],"_links":{"self":[{"href":"http:\/\/belediyeis.org.tr\/merkez\/wp-json\/wp\/v2\/posts\/2656","targetHints":{"allow":["GET"]}}],"collection":[{"href":"http:\/\/belediyeis.org.tr\/merkez\/wp-json\/wp\/v2\/posts"}],"about":[{"href":"http:\/\/belediyeis.org.tr\/merkez\/wp-json\/wp\/v2\/types\/post"}],"author":[{"embeddable":true,"href":"http:\/\/belediyeis.org.tr\/merkez\/wp-json\/wp\/v2\/users\/3"}],"replies":[{"embeddable":true,"href":"http:\/\/belediyeis.org.tr\/merkez\/wp-json\/wp\/v2\/comments?post=2656"}],"version-history":[{"count":1,"href":"http:\/\/belediyeis.org.tr\/merkez\/wp-json\/wp\/v2\/posts\/2656\/revisions"}],"predecessor-version":[{"id":2658,"href":"http:\/\/belediyeis.org.tr\/merkez\/wp-json\/wp\/v2\/posts\/2656\/revisions\/2658"}],"wp:featuredmedia":[{"embeddable":true,"href":"http:\/\/belediyeis.org.tr\/merkez\/wp-json\/wp\/v2\/media\/2657"}],"wp:attachment":[{"href":"http:\/\/belediyeis.org.tr\/merkez\/wp-json\/wp\/v2\/media?parent=2656"}],"wp:term":[{"taxonomy":"category","embeddable":true,"href":"http:\/\/belediyeis.org.tr\/merkez\/wp-json\/wp\/v2\/categories?post=2656"},{"taxonomy":"post_tag","embeddable":true,"href":"http:\/\/belediyeis.org.tr\/merkez\/wp-json\/wp\/v2\/tags?post=2656"}],"curies":[{"name":"wp","href":"https:\/\/api.w.org\/{rel}","templated":true}]}}