{"id":2652,"date":"2019-08-30T13:09:30","date_gmt":"2019-08-30T10:09:30","guid":{"rendered":"http:\/\/belediyeis.org.tr\/merkez\/?p=2652"},"modified":"2022-03-29T13:11:09","modified_gmt":"2022-03-29T10:11:09","slug":"30-agustos-zafer-bayramimiz-kutlu-olsun-3","status":"publish","type":"post","link":"http:\/\/belediyeis.org.tr\/merkez\/2019\/08\/30\/30-agustos-zafer-bayramimiz-kutlu-olsun-3\/","title":{"rendered":"30 A\u011fustos Zafer Bayram\u0131m\u0131z Kutlu Olsun"},"content":{"rendered":"<p style=\"text-align: justify;\">Mustafa Kemal ve arkada\u015flar\u0131n\u0131n \u201ctoptan millet\u00e7e bizi mahvetmek isteyen emperyalizme ve bizi yutmak isteyen kapitalizme kar\u015f\u0131\u201d Anadolu ihtilalinin ate\u015fini ta\u00e7land\u0131rd\u0131klar\u0131 30 A\u011fustos 1922\u2019nin \u00fczerinden bug\u00fcn tam 97 y\u0131l ge\u00e7ti.<\/p>\n<p style=\"text-align: justify;\">Dumlup\u0131nar\u2019da Ba\u015fkomutan Mustafa Kemal Atat\u00fcrk\u2019\u00fcn \u00f6nderli\u011finde i\u015fgalcileri Anadolu topraklar\u0131ndan s\u00fcren bu zaferin y\u0131ld\u00f6n\u00fcm\u00fcnde, bir kez daha Ulu \u00d6nder ve silah arkada\u015flar\u0131 \u015fehitlerimizi sayg\u0131 ile an\u0131yor, t\u00fcm halk\u0131m\u0131z\u0131n 30 A\u011fustos Zafer Bayram\u0131\u2019n\u0131 kutluyoruz.<\/p>\n<p style=\"text-align: justify;\">Belediye-\u0130\u015f Sendikas\u0131<\/p>\n","protected":false},"excerpt":{"rendered":"<p>Mustafa Kemal ve arkada\u015flar\u0131n\u0131n \u201ctoptan millet\u00e7e bizi mahvetmek isteyen emperyalizme ve bizi yutmak isteyen kapitalizme kar\u015f\u0131\u201d Anadolu ihtilalinin ate\u015fini ta\u00e7land\u0131rd\u0131klar\u0131 30 A\u011fustos 1922\u2019nin \u00fczerinden bug\u00fcn tam 97 y\u0131l ge\u00e7ti. Dumlup\u0131nar\u2019da Ba\u015fkomutan Mustafa Kemal Atat\u00fcrk\u2019\u00fcn \u00f6nderli\u011finde i\u015fgalcileri Anadolu topraklar\u0131ndan s\u00fcren bu zaferin y\u0131ld\u00f6n\u00fcm\u00fcnde, bir kez daha Ulu \u00d6nder ve silah arkada\u015flar\u0131 \u015fehitlerimizi sayg\u0131 ile an\u0131yor, t\u00fcm [&hellip;]<\/p>\n","protected":false},"author":3,"featured_media":2653,"comment_status":"open","ping_status":"open","sticky":false,"template":"","format":"standard","meta":{"jnews-multi-image_gallery":[],"jnews_single_post":{"source_name":"","source_url":"","via_name":"","via_url":"","override_template":"0","override":[{"template":"1","single_blog_custom":"","parallax":"1","fullscreen":"1","layout":"right-sidebar","sidebar":"default-sidebar","second_sidebar":"default-sidebar","sticky_sidebar":"1","share_position":"top","share_float_style":"share-monocrhome","show_share_counter":"1","show_view_counter":"1","show_featured":"1","show_post_meta":"1","show_post_author":"1","show_post_author_image":"1","show_post_date":"1","post_date_format":"default","post_date_format_custom":"Y\/m\/d","show_post_category":"1","show_post_reading_time":"0","post_reading_time_wpm":"300","show_zoom_button":"0","zoom_button_out_step":"2","zoom_button_in_step":"3","show_post_tag":"1","show_prev_next_post":"1","show_popup_post":"1","number_popup_post":"1","show_author_box":"0","show_post_related":"0","show_inline_post_related":"0"}],"override_image_size":"0","image_override":[{"single_post_thumbnail_size":"crop-500","single_post_gallery_size":"crop-500"}],"trending_post":"0","trending_post_position":"meta","trending_post_label":"Trending","sponsored_post":"0","sponsored_post_label":"Sponsored by","sponsored_post_name":"","sponsored_post_url":"","sponsored_post_logo_enable":"0","sponsored_post_logo":"","sponsored_post_desc":"","disable_ad":"0"},"jnews_primary_category":{"id":""},"jnews_social_meta":{"fb_title":"","fb_description":"","fb_image":"","twitter_title":"","twitter_description":"","twitter_image":""},"jnews_override_counter":{"override_view_counter":"0","view_counter_number":"0","override_share_counter":"0","share_counter_number":"0","override_like_counter":"0","like_counter_number":"0","override_dislike_counter":"0","dislike_counter_number":"0"},"footnotes":""},"categories":[1],"tags":[145],"class_list":["post-2652","post","type-post","status-publish","format-standard","has-post-thumbnail","hentry","category-genel","tag-30-agustos"],"_links":{"self":[{"href":"http:\/\/belediyeis.org.tr\/merkez\/wp-json\/wp\/v2\/posts\/2652","targetHints":{"allow":["GET"]}}],"collection":[{"href":"http:\/\/belediyeis.org.tr\/merkez\/wp-json\/wp\/v2\/posts"}],"about":[{"href":"http:\/\/belediyeis.org.tr\/merkez\/wp-json\/wp\/v2\/types\/post"}],"author":[{"embeddable":true,"href":"http:\/\/belediyeis.org.tr\/merkez\/wp-json\/wp\/v2\/users\/3"}],"replies":[{"embeddable":true,"href":"http:\/\/belediyeis.org.tr\/merkez\/wp-json\/wp\/v2\/comments?post=2652"}],"version-history":[{"count":1,"href":"http:\/\/belediyeis.org.tr\/merkez\/wp-json\/wp\/v2\/posts\/2652\/revisions"}],"predecessor-version":[{"id":2654,"href":"http:\/\/belediyeis.org.tr\/merkez\/wp-json\/wp\/v2\/posts\/2652\/revisions\/2654"}],"wp:featuredmedia":[{"embeddable":true,"href":"http:\/\/belediyeis.org.tr\/merkez\/wp-json\/wp\/v2\/media\/2653"}],"wp:attachment":[{"href":"http:\/\/belediyeis.org.tr\/merkez\/wp-json\/wp\/v2\/media?parent=2652"}],"wp:term":[{"taxonomy":"category","embeddable":true,"href":"http:\/\/belediyeis.org.tr\/merkez\/wp-json\/wp\/v2\/categories?post=2652"},{"taxonomy":"post_tag","embeddable":true,"href":"http:\/\/belediyeis.org.tr\/merkez\/wp-json\/wp\/v2\/tags?post=2652"}],"curies":[{"name":"wp","href":"https:\/\/api.w.org\/{rel}","templated":true}]}}