{"id":2639,"date":"2019-10-01T12:09:57","date_gmt":"2019-10-01T09:09:57","guid":{"rendered":"http:\/\/belediyeis.org.tr\/merkez\/?p=2639"},"modified":"2022-03-29T12:13:27","modified_gmt":"2022-03-29T09:13:27","slug":"basindan-cumhuriyet-gazetesi-yasadiklarimizdan-ogrendiklerimiz-var","status":"publish","type":"post","link":"http:\/\/belediyeis.org.tr\/merkez\/2019\/10\/01\/basindan-cumhuriyet-gazetesi-yasadiklarimizdan-ogrendiklerimiz-var\/","title":{"rendered":"Bas\u0131ndan &#8211; Cumhuriyet Gazetesi &#8211; Ya\u015fad\u0131klar\u0131m\u0131zdan \u00d6\u011frendiklerimiz Var!"},"content":{"rendered":"<p style=\"text-align: justify;\">\u201cSendikalar, hi\u00e7bir partinin, legal ya da illegal yap\u0131n\u0131n arka bah\u00e7esi olmamal\u0131, sendikalar al\u0131n teri ak\u0131tan emek\u00e7inin hakk\u0131n\u0131 hukukunu kazanmak ve savunmak d\u0131\u015f\u0131nda ba\u015fka bir amaca hizmet etmemelidir.\u201d<\/p>\n<p style=\"text-align: justify;\">Hem \u00fclkemiz hem emek d\u00fcnyas\u0131 a\u00e7\u0131s\u0131ndan zor bir d\u00f6nemden ge\u00e7iyoruz. \u00dclke olarak uzun s\u00fcren bir se\u00e7im d\u00f6neminin ard\u0131ndan yeniden sorunlara odaklanabilme f\u0131rsat\u0131 yakalad\u0131k. \u0130\u00e7inde bulundu\u011fumuz d\u00f6nem d\u0131\u015f politikadan siyasete, ekonomiye bir\u00e7ok sorunun \u00fcst \u00fcste binerek \u00e7o\u011fald\u0131\u011f\u0131 ve ne yaz\u0131k ki faturan\u0131n d\u00f6n\u00fcp dola\u015f\u0131p eme\u011fe, emek\u00e7iye \u00e7\u0131kar\u0131ld\u0131\u011f\u0131 bir d\u00f6nem olarak an\u0131lacak.<\/p>\n<p style=\"text-align: justify;\">Ekonominin krize girdi\u011fi, \u00fcretimin durma noktas\u0131na geldi\u011fi, mutfaktaki yang\u0131n\u0131n bacay\u0131 sard\u0131\u011f\u0131, i\u015fsizli\u011fin tarihi rekorlar k\u0131rd\u0131\u011f\u0131 bir d\u00f6nemde; \u00e7al\u0131\u015fma hayat\u0131nda hayati ve \u00e7\u00f6z\u00fcm bekleyen bir\u00e7ok sorun da kap\u0131da beklemektedir. Bu sorunlar ya\u015fanan kriz nedeniyle ertelenemeyece\u011fi gibi, bizim g\u00f6r\u00fc\u015f\u00fcm\u00fcze g\u00f6re krizin a\u015f\u0131labilmesinin yeg\u00e2ne yolu da \u00f6ncelikle emek\u00e7ilerin sorunlar\u0131na \u00e7\u00f6z\u00fcm bulunmas\u0131d\u0131r. Zira ya\u015fanan krizlerin sorumlusu emek\u00e7iler olmad\u0131\u011f\u0131 gibi; aksine \u00fcretime dayanmayan, bir avu\u00e7 az\u0131nl\u0131\u011fa refah yaratan rant politikalar\u0131d\u0131r.<\/p>\n<p style=\"text-align: justify;\">\nEmek d\u00fcnyas\u0131na yak\u0131nl\u0131k duyan herkesin bildi\u011fi gibi, bu d\u00f6nem 696 say\u0131l\u0131 KHK ile kamuya ve belediyelere ge\u00e7irilen ta\u015feron i\u015f\u00e7ileri y\u00fczde 4\u2019l\u00fck sefalet \u00fccretine mahk\u00fbm ederken, i\u015f\u00e7ilerin 52 g\u00fcnl\u00fck \u00fccret tutar\u0131nda ilave tediyeleri de \u00f6denmemi\u015ftir. Yine i\u00e7inde bulundu\u011fumuz d\u00f6nemde i\u015f\u00e7inin gelece\u011fi, i\u015f g\u00fcvencesi k\u0131dem tazminat\u0131n\u0131n gasp\u0131 konusu yeniden pi\u015firilip \u00f6n\u00fcm\u00fcze getirilmi\u015ftir. Bir oldubittiyle Orta Vadeli Programa da konulan k\u0131dem tazminat\u0131n\u0131n bireysel emeklilikle entegre edilerek fona devredilmesi, t\u0131pk\u0131 i\u015fsizlik fonu gibi yeni bir d\u00fc\u015f\u00fck maliyetli ek kaynak sa\u011flaman\u0131n \u00f6tesinde emek\u00e7ilerin hi\u00e7bir anlamda ve ba\u011flamda \u00e7\u0131kar\u0131na olmayacakt\u0131r. Bu nedenle IMF\u2019nin de dayatmalar\u0131ndan biri olan k\u0131dem tazminat\u0131n\u0131n fona devrine ve herhangi bir \u015fekilde geriletilmesine net ve tavizsiz \u015fekilde HAYIR diyoruz.<\/p>\n<p style=\"text-align: justify;\">Unutmuyoruz<br \/>\nYerel se\u00e7imler sonras\u0131nda g\u00fcndemden d\u00fc\u015fmeyen bir ba\u015fka konu ise yanda\u015f sendikac\u0131l\u0131k. Ya\u015fad\u0131klar\u0131m\u0131zdan \u00f6\u011frendiklerimiz var diyoruz \u00e7\u00fcnk\u00fc biz bunlar\u0131 daha \u00f6nce ya\u015fad\u0131k, neler olaca\u011f\u0131n\u0131 g\u00f6rd\u00fck, s\u00f6yledik, uyard\u0131k.<\/p>\n<p style=\"text-align: justify;\">\u201cSendikalar, hi\u00e7bir partinin, legal ya da illegal yap\u0131n\u0131n arka bah\u00e7esi olmamal\u0131, sendikalar al\u0131n teri ak\u0131tan emek\u00e7inin hakk\u0131n\u0131 hukukunu kazanmak ve savunmak d\u0131\u015f\u0131nda ba\u015fka bir amaca hizmet etmemelidir\u201d derken, bug\u00fcn ya\u015fad\u0131klar\u0131m\u0131za i\u015faret ettik, ediyoruz.<\/p>\n<p style=\"text-align: justify;\">\u00d6nceli\u011fi al\u0131n teri olmayanlar\u0131n ya\u015fatt\u0131\u011f\u0131 ac\u0131lar\u0131n \u015fahidi \u0130stanbul\u2019da, Ankara\u2019da, D\u00fczce\u2019de, Kocaeli ve K\u00fctahya\u2019da ve daha bir\u00e7ok yerde Belediye\u0130\u015f ailesinin \u00fcyeleridir. Bug\u00fcn, ge\u00e7mi\u015fte yapt\u0131klar\u0131n\u0131 yeniden devreye sokmaya kalkanlar oluyor. Bug\u00fcn i\u015f\u00e7ilerin kendi iradeleriyle se\u00e7tikleri sendikam\u0131z i\u00e7in feryad\u0131 basanlar, bask\u0131, s\u00fcrg\u00fcn, tehdit, \u00fcyelikten istifa g\u00fcnlerini unutturmak istese de biz unutmuyoruz.<\/p>\n<p style=\"text-align: justify;\">Yeni bir tablo<\/p>\n<p style=\"text-align: justify;\">Biz yerel se\u00e7imleri, belediye ba\u015fkanlar\u0131n\u0131n se\u00e7iminin yan\u0131 s\u0131ra belediye emek\u00e7ilerinin iradesinin serbest b\u0131rak\u0131lmas\u0131 i\u00e7in yeni bir ba\u015flang\u0131\u00e7 ve f\u0131rsat olarak g\u00f6rd\u00fck. Sendikaya \u00fcye olma bask\u0131s\u0131 \u00fczerlerinden kalkan emek\u00e7iler, \u00f6zg\u00fcrce sendikalar\u0131n\u0131 se\u00e7me \u015fans\u0131na sahip olunca, yeni bir tablo \u015fekillenmeye ba\u015flad\u0131.<br \/>\nHayat\u0131n her alan\u0131nda oldu\u011fu gibi emek m\u00fccadelesinde de hak, hukuk, adalet, demokrasi hava kadar su kadar \u00f6nemli. Hi\u00e7bir hak m\u00fccadelesi hukuk, adalet ve demokrasiden ayr\u0131 y\u00fcr\u00fct\u00fclemez ve var olamaz.<br \/>\nBelediye-\u0130\u015f Sendikas\u0131 olarak defalarca her platformda dile getirdik, getirmeye de devam ediyoruz. Bizim bir siyasi partimiz yok. Kafam\u0131z\u0131n arkas\u0131nda planlar, programlar yok. Girdi\u011fi virajlarda savrulan siyasetlerle kendine \u015fekil veren sendikac\u0131l\u0131k yapm\u0131yoruz. Sadece \u00fcyelerimizin g\u00fcc\u00fcne dayanarak, insan gibi \u00e7al\u0131\u015f\u0131p \u00fcreterek \u00e7olu\u011fumuzu \u00e7ocu\u011fumuzu namerde muhta\u00e7 ettirmeyecek bir \u00fccret istiyoruz; sefalete teslim olmamak, insanca ya\u015famak istiyoruz; g\u00fcvenceli bir i\u015f, \u00e7ocuklar\u0131m\u0131za gelecek istiyoruz, i\u015f istiyoruz, adaletin h\u00e2kim oldu\u011fu bir \u00fclke istiyoruz, herkese e\u015fit muamele eden hukuk d\u00fczeni istiyoruz, liyakate \u00f6nem verilmesini istiyoruz, bilimsel d\u00fc\u015f\u00fcncenin egemen oldu\u011fu bir e\u011fitim sistemi istiyoruz, nefes almak i\u00e7in demokrasi istiyoruz; farkl\u0131l\u0131klar\u0131 d\u00fc\u015fmanla\u015ft\u0131rmayan e\u015fit yurtta\u015flar\u0131 oldu\u011fumuz bir Cumhuriyetin bireyi olmak istiyoruz.<\/p>\n<p style=\"text-align: justify;\">Bu \u00fclke bizim&#8230; Ta\u015f\u0131yla topra\u011f\u0131yla a\u011fac\u0131yla insan\u0131yla biz bu \u00fclkenin iyi olmas\u0131n\u0131 ister, bunun i\u00e7in \u00e7al\u0131\u015f\u0131r\u0131z. Ancak bizler bir yandan da isteriz ki sofrada biri t\u0131ka basa doyarken, \u00f6b\u00fcr\u00fc a\u00e7 kalkmas\u0131n.<br \/>\n\u0130\u015fte bu noktada diyoruz ki, \u00e7\u00f6z\u00fcm bekleyen sorunlar\u0131n hepsi ancak ve ancak y\u00fcz\u00fcn\u00fcz\u00fc emek\u00e7iye d\u00f6nerek \u00e7\u00f6z\u00fclebilir! Eme\u011fin g\u00fcc\u00fcn\u00fcn i\u015fin i\u00e7inde olmad\u0131\u011f\u0131, emek\u00e7inin g\u00f6z ard\u0131 edildi\u011fi hi\u00e7bir \u00e7\u00f6z\u00fcm ger\u00e7ek\u00e7i de\u011fildir, uzun vadeli de\u011fildir. Bu \u00fclkeyi birlikte gelece\u011fe ta\u015f\u0131yal\u0131m, evet hep birlikte s\u0131rtlanal\u0131m bu y\u00fck\u00fc ama refah\u0131, zenginli\u011fi, huzuru, g\u00fcveni, mutlulu\u011fu da birlikte payla\u015fal\u0131m.<\/p>\n<p style=\"text-align: justify;\"><strong>01.10.2019 \/Cumhuriyet Gazetesi<\/strong><\/p>\n<p style=\"text-align: justify;\"><strong>YAZAR: Nihat Yurdakul<\/strong><\/p>\n<p style=\"text-align: justify;\"><strong>Belediye-\u0130\u015f Sendikas\u0131 Genel Ba\u015fkan\u0131<\/strong><\/p>\n<p style=\"text-align: justify;\">\n","protected":false},"excerpt":{"rendered":"<p>\u201cSendikalar, hi\u00e7bir partinin, legal ya da illegal yap\u0131n\u0131n arka bah\u00e7esi olmamal\u0131, sendikalar al\u0131n teri ak\u0131tan emek\u00e7inin hakk\u0131n\u0131 hukukunu kazanmak ve savunmak d\u0131\u015f\u0131nda ba\u015fka bir amaca hizmet etmemelidir.\u201d Hem \u00fclkemiz hem emek d\u00fcnyas\u0131 a\u00e7\u0131s\u0131ndan zor bir d\u00f6nemden ge\u00e7iyoruz. \u00dclke olarak uzun s\u00fcren bir se\u00e7im d\u00f6neminin ard\u0131ndan yeniden sorunlara odaklanabilme f\u0131rsat\u0131 yakalad\u0131k. \u0130\u00e7inde bulundu\u011fumuz d\u00f6nem d\u0131\u015f politikadan [&hellip;]<\/p>\n","protected":false},"author":3,"featured_media":2406,"comment_status":"open","ping_status":"open","sticky":false,"template":"","format":"standard","meta":{"jnews-multi-image_gallery":[],"jnews_single_post":{"source_name":"","source_url":"","via_name":"","via_url":"","override_template":"0","override":[{"template":"1","single_blog_custom":"","parallax":"1","fullscreen":"1","layout":"right-sidebar","sidebar":"default-sidebar","second_sidebar":"default-sidebar","sticky_sidebar":"1","share_position":"top","share_float_style":"share-monocrhome","show_share_counter":"1","show_view_counter":"1","show_featured":"1","show_post_meta":"1","show_post_author":"1","show_post_author_image":"1","show_post_date":"1","post_date_format":"default","post_date_format_custom":"Y\/m\/d","show_post_category":"1","show_post_reading_time":"0","post_reading_time_wpm":"300","show_zoom_button":"0","zoom_button_out_step":"2","zoom_button_in_step":"3","show_post_tag":"1","show_prev_next_post":"1","show_popup_post":"1","number_popup_post":"1","show_author_box":"0","show_post_related":"0","show_inline_post_related":"0"}],"override_image_size":"0","image_override":[{"single_post_thumbnail_size":"crop-500","single_post_gallery_size":"crop-500"}],"trending_post":"0","trending_post_position":"meta","trending_post_label":"Trending","sponsored_post":"0","sponsored_post_label":"Sponsored by","sponsored_post_name":"","sponsored_post_url":"","sponsored_post_logo_enable":"0","sponsored_post_logo":"","sponsored_post_desc":"","disable_ad":"0"},"jnews_primary_category":{"id":""},"jnews_social_meta":{"fb_title":"","fb_description":"","fb_image":"","twitter_title":"","twitter_description":"","twitter_image":""},"jnews_override_counter":{"override_view_counter":"0","view_counter_number":"0","override_share_counter":"0","share_counter_number":"0","override_like_counter":"0","like_counter_number":"0","override_dislike_counter":"0","dislike_counter_number":"0"},"footnotes":""},"categories":[1],"tags":[158,190],"class_list":["post-2639","post","type-post","status-publish","format-standard","has-post-thumbnail","hentry","category-genel","tag-basindan","tag-nihat-yurdakul"],"_links":{"self":[{"href":"http:\/\/belediyeis.org.tr\/merkez\/wp-json\/wp\/v2\/posts\/2639","targetHints":{"allow":["GET"]}}],"collection":[{"href":"http:\/\/belediyeis.org.tr\/merkez\/wp-json\/wp\/v2\/posts"}],"about":[{"href":"http:\/\/belediyeis.org.tr\/merkez\/wp-json\/wp\/v2\/types\/post"}],"author":[{"embeddable":true,"href":"http:\/\/belediyeis.org.tr\/merkez\/wp-json\/wp\/v2\/users\/3"}],"replies":[{"embeddable":true,"href":"http:\/\/belediyeis.org.tr\/merkez\/wp-json\/wp\/v2\/comments?post=2639"}],"version-history":[{"count":1,"href":"http:\/\/belediyeis.org.tr\/merkez\/wp-json\/wp\/v2\/posts\/2639\/revisions"}],"predecessor-version":[{"id":2640,"href":"http:\/\/belediyeis.org.tr\/merkez\/wp-json\/wp\/v2\/posts\/2639\/revisions\/2640"}],"wp:featuredmedia":[{"embeddable":true,"href":"http:\/\/belediyeis.org.tr\/merkez\/wp-json\/wp\/v2\/media\/2406"}],"wp:attachment":[{"href":"http:\/\/belediyeis.org.tr\/merkez\/wp-json\/wp\/v2\/media?parent=2639"}],"wp:term":[{"taxonomy":"category","embeddable":true,"href":"http:\/\/belediyeis.org.tr\/merkez\/wp-json\/wp\/v2\/categories?post=2639"},{"taxonomy":"post_tag","embeddable":true,"href":"http:\/\/belediyeis.org.tr\/merkez\/wp-json\/wp\/v2\/tags?post=2639"}],"curies":[{"name":"wp","href":"https:\/\/api.w.org\/{rel}","templated":true}]}}