{"id":2624,"date":"2019-10-03T14:39:26","date_gmt":"2019-10-03T11:39:26","guid":{"rendered":"http:\/\/belediyeis.org.tr\/merkez\/?p=2624"},"modified":"2022-03-28T14:40:47","modified_gmt":"2022-03-28T11:40:47","slug":"iett-emekcilerine-cagrimizdir","status":"publish","type":"post","link":"http:\/\/belediyeis.org.tr\/merkez\/2019\/10\/03\/iett-emekcilerine-cagrimizdir\/","title":{"rendered":"\u0130ETT emek\u00e7ilerine \u00e7a\u011fr\u0131m\u0131zd\u0131r"},"content":{"rendered":"<p style=\"text-align: justify;\">De\u011ferli \u0130ETT emek\u00e7ileri,<\/p>\n<p style=\"text-align: justify;\">Belediye-\u0130\u015f\u2019in \u0130ETT\u2019de \u00f6rg\u00fctlenme \u00e7al\u0131\u015fmalar\u0131 t\u00fcm h\u0131z\u0131yla devam ediyor.<\/p>\n<p style=\"text-align: justify;\">T\u00fcm zorlamalar\u0131na ra\u011fmen \u0130ETT i\u015f\u00e7ileri aras\u0131nda destek g\u00f6rmeyen D\u0130SK\/Genel-\u0130\u015f\u2019in baz\u0131 y\u00f6netici ve destek\u00e7ileri sosyal medya \u00fczerinden, biz yetki alam\u0131yorsak, Belediye-\u0130\u015f de almas\u0131n, yetki Hak-\u0130\u015f\/Hizmet-\u0130\u015f\u2019te kals\u0131n anlay\u0131\u015f\u0131yla, asl\u0131 astar\u0131 olmayan a\u00e7\u0131klamalarla i\u015f\u00e7i arkada\u015flar\u0131m\u0131z\u0131n kafalar\u0131n\u0131 kar\u0131\u015ft\u0131rmak istemektedir.<\/p>\n<p style=\"text-align: justify;\">De\u011ferli \u0130ETT emek\u00e7ileri,<\/p>\n<p style=\"text-align: justify;\">Bu asl\u0131 astar\u0131 olmayan yalanlara inanmay\u0131n, t\u0131pk\u0131 B\u00fcy\u00fck\u015fehir, \u0130STON, \u0130SBAK\u2019taki arkada\u015flar\u0131m\u0131z gibi Belediye-\u0130\u015f ailesine kat\u0131l\u0131n.<\/p>\n<p style=\"text-align: justify;\">Makam\u0131 mevkii ne olursa olsun her kim \u0130ETT emek\u00e7ilerinin al\u0131nteri \u00fczerinden \u00e7\u0131kar hesab\u0131 yaparak bu yalanlar\u0131 s\u00f6yl\u00fcyorsa ahlaks\u0131zd\u0131r, al\u00e7akt\u0131r.<\/p>\n<p style=\"text-align: justify;\">Belediye-\u0130\u015f\u2019in kurulu\u015funda al\u0131nteri ve eme\u011fi olan \u0130ETT i\u015f\u00e7ilerini baba ocaklar\u0131na, yuvalar\u0131na davet ediyoruz.<\/p>\n<p style=\"text-align: justify;\">Gelin g\u00fcc\u00fcm\u00fcze g\u00fc\u00e7 katal\u0131m,<\/p>\n<p style=\"text-align: justify;\">Gelin, el ele, kol kola hep birlikte y\u00fcr\u00fcyelim.<br \/>\n03.10.2019<\/p>\n<p style=\"text-align: justify;\">Belediye-\u0130\u015f Sendikas\u0131<\/p>\n","protected":false},"excerpt":{"rendered":"<p>De\u011ferli \u0130ETT emek\u00e7ileri, Belediye-\u0130\u015f\u2019in \u0130ETT\u2019de \u00f6rg\u00fctlenme \u00e7al\u0131\u015fmalar\u0131 t\u00fcm h\u0131z\u0131yla devam ediyor. T\u00fcm zorlamalar\u0131na ra\u011fmen \u0130ETT i\u015f\u00e7ileri aras\u0131nda destek g\u00f6rmeyen D\u0130SK\/Genel-\u0130\u015f\u2019in baz\u0131 y\u00f6netici ve destek\u00e7ileri sosyal medya \u00fczerinden, biz yetki alam\u0131yorsak, Belediye-\u0130\u015f de almas\u0131n, yetki Hak-\u0130\u015f\/Hizmet-\u0130\u015f\u2019te kals\u0131n anlay\u0131\u015f\u0131yla, asl\u0131 astar\u0131 olmayan a\u00e7\u0131klamalarla i\u015f\u00e7i arkada\u015flar\u0131m\u0131z\u0131n kafalar\u0131n\u0131 kar\u0131\u015ft\u0131rmak istemektedir. De\u011ferli \u0130ETT emek\u00e7ileri, Bu asl\u0131 astar\u0131 olmayan yalanlara inanmay\u0131n, [&hellip;]<\/p>\n","protected":false},"author":3,"featured_media":2504,"comment_status":"open","ping_status":"open","sticky":false,"template":"","format":"standard","meta":{"jnews-multi-image_gallery":[],"jnews_single_post":{"source_name":"","source_url":"","via_name":"","via_url":"","override_template":"0","override":[{"template":"1","single_blog_custom":"","parallax":"1","fullscreen":"1","layout":"right-sidebar","sidebar":"default-sidebar","second_sidebar":"default-sidebar","sticky_sidebar":"1","share_position":"top","share_float_style":"share-monocrhome","show_share_counter":"1","show_view_counter":"1","show_featured":"1","show_post_meta":"1","show_post_author":"1","show_post_author_image":"1","show_post_date":"1","post_date_format":"default","post_date_format_custom":"Y\/m\/d","show_post_category":"1","show_post_reading_time":"0","post_reading_time_wpm":"300","show_zoom_button":"0","zoom_button_out_step":"2","zoom_button_in_step":"3","show_post_tag":"1","show_prev_next_post":"1","show_popup_post":"1","number_popup_post":"1","show_author_box":"0","show_post_related":"0","show_inline_post_related":"0"}],"override_image_size":"0","image_override":[{"single_post_thumbnail_size":"crop-500","single_post_gallery_size":"crop-500"}],"trending_post":"0","trending_post_position":"meta","trending_post_label":"Trending","sponsored_post":"0","sponsored_post_label":"Sponsored by","sponsored_post_name":"","sponsored_post_url":"","sponsored_post_logo_enable":"0","sponsored_post_logo":"","sponsored_post_desc":"","disable_ad":"0"},"jnews_primary_category":{"id":""},"jnews_social_meta":{"fb_title":"","fb_description":"","fb_image":"","twitter_title":"","twitter_description":"","twitter_image":""},"jnews_override_counter":{"override_view_counter":"0","view_counter_number":"0","override_share_counter":"0","share_counter_number":"0","override_like_counter":"0","like_counter_number":"0","override_dislike_counter":"0","dislike_counter_number":"0"},"footnotes":""},"categories":[1],"tags":[236,237],"class_list":["post-2624","post","type-post","status-publish","format-standard","has-post-thumbnail","hentry","category-genel","tag-iett","tag-orgutlenme"],"_links":{"self":[{"href":"http:\/\/belediyeis.org.tr\/merkez\/wp-json\/wp\/v2\/posts\/2624","targetHints":{"allow":["GET"]}}],"collection":[{"href":"http:\/\/belediyeis.org.tr\/merkez\/wp-json\/wp\/v2\/posts"}],"about":[{"href":"http:\/\/belediyeis.org.tr\/merkez\/wp-json\/wp\/v2\/types\/post"}],"author":[{"embeddable":true,"href":"http:\/\/belediyeis.org.tr\/merkez\/wp-json\/wp\/v2\/users\/3"}],"replies":[{"embeddable":true,"href":"http:\/\/belediyeis.org.tr\/merkez\/wp-json\/wp\/v2\/comments?post=2624"}],"version-history":[{"count":1,"href":"http:\/\/belediyeis.org.tr\/merkez\/wp-json\/wp\/v2\/posts\/2624\/revisions"}],"predecessor-version":[{"id":2625,"href":"http:\/\/belediyeis.org.tr\/merkez\/wp-json\/wp\/v2\/posts\/2624\/revisions\/2625"}],"wp:featuredmedia":[{"embeddable":true,"href":"http:\/\/belediyeis.org.tr\/merkez\/wp-json\/wp\/v2\/media\/2504"}],"wp:attachment":[{"href":"http:\/\/belediyeis.org.tr\/merkez\/wp-json\/wp\/v2\/media?parent=2624"}],"wp:term":[{"taxonomy":"category","embeddable":true,"href":"http:\/\/belediyeis.org.tr\/merkez\/wp-json\/wp\/v2\/categories?post=2624"},{"taxonomy":"post_tag","embeddable":true,"href":"http:\/\/belediyeis.org.tr\/merkez\/wp-json\/wp\/v2\/tags?post=2624"}],"curies":[{"name":"wp","href":"https:\/\/api.w.org\/{rel}","templated":true}]}}