{"id":2608,"date":"2019-10-31T13:57:06","date_gmt":"2019-10-31T10:57:06","guid":{"rendered":"http:\/\/belediyeis.org.tr\/merkez\/?p=2608"},"modified":"2022-03-28T14:02:02","modified_gmt":"2022-03-28T11:02:02","slug":"disk-genel-isin-yalanlari-mafyavari-tavirlari-ve-algi-operasyonlari-simdi-de-dikili-belediyesinde-devam-ediyor","status":"publish","type":"post","link":"http:\/\/belediyeis.org.tr\/merkez\/2019\/10\/31\/disk-genel-isin-yalanlari-mafyavari-tavirlari-ve-algi-operasyonlari-simdi-de-dikili-belediyesinde-devam-ediyor\/","title":{"rendered":"D\u0130SK Genel-\u0130\u015f\u2019in Yalanlar\u0131, Mafyavari Tav\u0131rlar\u0131 Ve Alg\u0131 Operasyonlar\u0131 \u015eimdi De Dikili Belediyesinde Devam Ediyor"},"content":{"rendered":"<p style=\"text-align: justify;\">D\u00fcn baz\u0131 bas\u0131n yay\u0131n organlar\u0131nda \u201cDikili Belediyesi&#8217;nde D\u0130SK&#8217;lilere sald\u0131r\u0131\u201d olarak verilen haberler tek y\u00f6nl\u00fc ve ger\u00e7e\u011fi yans\u0131tmamaktad\u0131r.<\/p>\n<p style=\"text-align: justify;\">\u0130zmir Dikili Belediyesi i\u015f\u00e7ilerinin \u00e7a\u011fr\u0131s\u0131 \u00fczerine \u00f6rg\u00fctlenme \u00e7al\u0131\u015fmas\u0131 i\u00e7in Dikili\u2019ye giden sendikam\u0131z \u015eube ba\u015fkan, \u00fcye ve y\u00f6neticileri \u00fcye kayd\u0131 yapt\u0131klar\u0131 kafeteryada D\u0130SK\/Genel-\u0130\u015f Dikili Temsilcisi Cemal Ery\u0131lmaz\u2019\u0131n \u201cburadan \u00e7ekip gidin, yoksa k\u00f6t\u00fc olur, burada \u00fcye kaydedemezsiniz\u201d \u015feklinde s\u00f6zl\u00fc sata\u015fmas\u0131 \u00fczerine arkada\u015flar\u0131m\u0131z\u0131n \u201ctehdit mi ediyorsun, mafya m\u0131s\u0131n\u0131z?\u201d tepkisiyle kar\u015f\u0131la\u015f\u0131nca ayn\u0131 ki\u015fi \u201cmafyaysa mafya, hemen \u00e7ekin gidin, yoksa k\u00f6t\u00fc olur\u201d \u015feklinde cevap vermi\u015ftir. D\u0130SK\/Genel-\u0130\u015f temsilcisi, bir s\u00fcre sonra daha kalabal\u0131k bir grupla ayn\u0131 noktaya gelerek \u00f6nce s\u00f6zl\u00fc sald\u0131r\u0131 bulunmu\u015f, ard\u0131ndan da b\u0131\u00e7ak \u00e7ekerek olay\u0131 fiili sald\u0131r\u0131ya \u00e7evirmi\u015ftir. B\u0131\u00e7akl\u0131 sald\u0131r\u0131 giri\u015fimi, arkada\u015flar\u0131m\u0131z taraf\u0131ndan engellenmi\u015f, bu esnada olay yerinde bulunan bir trafik polisi de havaya ate\u015f a\u00e7arak kalabal\u0131\u011f\u0131 da\u011f\u0131tm\u0131\u015ft\u0131r. Ya\u015fanan olay bu kadar netken, Dikili belediye i\u015f\u00e7ilerini kendi mal\u0131 zanneden D\u0130SK\/Genel-\u0130\u015f y\u00f6neticileri; yanda\u015f bas\u0131na verdikleri haberlerle yapt\u0131klar\u0131 alg\u0131 operasyonlar\u0131yla her zamanki gibi ma\u011fduru oynamaya \u00e7al\u0131\u015fm\u0131\u015ft\u0131r.<\/p>\n<p style=\"text-align: justify;\">Tehdit eden, b\u0131\u00e7ak \u00e7ekip sald\u0131ran D\u0130SK Genel-\u0130\u015f temsilcisi Cemal Ery\u0131lmaz\u2019dir (video kay\u0131tlar\u0131 ve emniyette ifadesi mevcuttur). Ayr\u0131ca b\u0131\u00e7ak \u00e7ekip sald\u0131rd\u0131\u011f\u0131 i\u00e7in g\u00f6zalt\u0131na al\u0131nan tek ki\u015fi de odur. Ama gelin g\u00f6r\u00fcn ki; a\u011flayan s\u0131zlanan, bas\u0131nda ve sosyal medyaya ma\u011fduru oynayan D\u0130SK\/Genel-\u0130\u015f\u2019tir.<\/p>\n<p style=\"text-align: justify;\">Bu ger\u00e7ekler ortadayken D\u0130SK Ege B\u00f6lge Temsilcisi Memi\u015f Sar\u0131 \u201ctemsilcimiz sald\u0131r\u0131ya u\u011frad\u0131\u201d yalan\u0131na sar\u0131larak, toplama kalabal\u0131klarla Dikili\u2019nin ve Dikili i\u015f\u00e7isinin huzurunu bozarak, Dikili i\u015f\u00e7isinin sendika se\u00e7me iradesi \u00fczerine bask\u0131 kurmak istemektedir.<\/p>\n<p style=\"text-align: justify;\">Biraz d\u00fcr\u00fcst olun. Dikili Belediye i\u015f\u00e7ileri sizin tapulu mal\u0131n\u0131z de\u011fil. Sendika se\u00e7me hakk\u0131 Dikili Belediye i\u015f\u00e7ilerinin yasal hakk\u0131d\u0131r.<\/p>\n<p style=\"text-align: justify;\">Belediye-\u0130\u015f; i\u015f\u00e7ilerin \u00e7a\u011f\u0131rd\u0131\u011f\u0131 her yerde \u00f6rg\u00fctlenir. Belediye-\u0130\u015f\u2019i medya \u00fczerinden yap\u0131lan alg\u0131 operasyonlar\u0131yla, mafyavari tav\u0131rlara, b\u0131\u00e7ak \u00e7ekerek, toplama kalabal\u0131klarla korkutamazs\u0131n\u0131z. Bizim tek ve en g\u00fc\u00e7l\u00fc dayana\u011f\u0131m\u0131z i\u015f\u00e7idir.<\/p>\n<p style=\"text-align: justify;\">Laf kalabal\u0131\u011f\u0131na gerek yok.<\/p>\n<p style=\"text-align: justify;\">\u0130\u015f\u00e7iye bask\u0131 yapan da onu b\u0131\u00e7akla tehdit eden de sizin temsilciniz. \u00d6nce b\u0131\u00e7ak \u00e7ekeceksiniz kabaday\u0131l\u0131k yapacaks\u0131n\u0131z, elinizden b\u0131\u00e7ak al\u0131n\u0131nca da \u00e7ocuk gibi a\u011flay\u0131p d\u00f6v\u00fcn\u00fcp, \u201cbana sald\u0131rd\u0131lar\u201d diyeceksiniz. Dikili\u2019nin ve Dikili i\u015f\u00e7isinin huzurunu bozmaya hakk\u0131n\u0131z yok. T\u00fcrkiye\u2019nin bir \u00e7ok yerinde mafyavari hareketleri yapan sizsiniz. Bu nedenle herkesi kendiniz gibi zannediyorsunuz. E\u011fer i\u015f\u00e7iye, kendinize g\u00fcveniyorsan\u0131z b\u0131rak\u0131n bu bo\u015f ma\u011fduriyet edebiyat\u0131n\u0131 ve mafyavari tav\u0131rlar\u0131. Koyal\u0131m Dikili\u2019de sand\u0131\u011f\u0131 ortaya, i\u015f\u00e7i hangi sendikay\u0131 se\u00e7iyorsa orada \u00f6rg\u00fctlensin. Var m\u0131s\u0131n\u0131z?<\/p>\n<p style=\"text-align: justify;\">Haydi, hodri meydan\u2026.<\/p>\n<p style=\"text-align: justify;\">31.10.2019<\/p>\n<p style=\"text-align: justify;\">Belediye-\u0130\u015f Sendikas\u0131<\/p>\n<p style=\"text-align: justify;\">\n<p style=\"text-align: justify;\">\n","protected":false},"excerpt":{"rendered":"<p>D\u00fcn baz\u0131 bas\u0131n yay\u0131n organlar\u0131nda \u201cDikili Belediyesi&#8217;nde D\u0130SK&#8217;lilere sald\u0131r\u0131\u201d olarak verilen haberler tek y\u00f6nl\u00fc ve ger\u00e7e\u011fi yans\u0131tmamaktad\u0131r. \u0130zmir Dikili Belediyesi i\u015f\u00e7ilerinin \u00e7a\u011fr\u0131s\u0131 \u00fczerine \u00f6rg\u00fctlenme \u00e7al\u0131\u015fmas\u0131 i\u00e7in Dikili\u2019ye giden sendikam\u0131z \u015eube ba\u015fkan, \u00fcye ve y\u00f6neticileri \u00fcye kayd\u0131 yapt\u0131klar\u0131 kafeteryada D\u0130SK\/Genel-\u0130\u015f Dikili Temsilcisi Cemal Ery\u0131lmaz\u2019\u0131n \u201cburadan \u00e7ekip gidin, yoksa k\u00f6t\u00fc olur, burada \u00fcye kaydedemezsiniz\u201d \u015feklinde s\u00f6zl\u00fc sata\u015fmas\u0131 [&hellip;]<\/p>\n","protected":false},"author":3,"featured_media":1741,"comment_status":"open","ping_status":"open","sticky":false,"template":"","format":"standard","meta":{"jnews-multi-image_gallery":[],"jnews_single_post":{"source_name":"","source_url":"","via_name":"","via_url":"","override_template":"0","override":[{"template":"1","single_blog_custom":"","parallax":"1","fullscreen":"1","layout":"right-sidebar","sidebar":"default-sidebar","second_sidebar":"default-sidebar","sticky_sidebar":"1","share_position":"top","share_float_style":"share-monocrhome","show_share_counter":"1","show_view_counter":"1","show_featured":"1","show_post_meta":"1","show_post_author":"1","show_post_author_image":"1","show_post_date":"1","post_date_format":"default","post_date_format_custom":"Y\/m\/d","show_post_category":"1","show_post_reading_time":"0","post_reading_time_wpm":"300","show_zoom_button":"0","zoom_button_out_step":"2","zoom_button_in_step":"3","show_post_tag":"1","show_prev_next_post":"1","show_popup_post":"1","number_popup_post":"1","show_author_box":"0","show_post_related":"0","show_inline_post_related":"0"}],"override_image_size":"0","image_override":[{"single_post_thumbnail_size":"crop-500","single_post_gallery_size":"crop-500"}],"trending_post":"0","trending_post_position":"meta","trending_post_label":"Trending","sponsored_post":"0","sponsored_post_label":"Sponsored by","sponsored_post_name":"","sponsored_post_url":"","sponsored_post_logo_enable":"0","sponsored_post_logo":"","sponsored_post_desc":"","disable_ad":"0"},"jnews_primary_category":{"id":""},"jnews_social_meta":{"fb_title":"","fb_description":"","fb_image":"","twitter_title":"","twitter_description":"","twitter_image":""},"jnews_override_counter":{"override_view_counter":"0","view_counter_number":"0","override_share_counter":"0","share_counter_number":"0","override_like_counter":"0","like_counter_number":"0","override_dislike_counter":"0","dislike_counter_number":"0"},"footnotes":""},"categories":[1],"tags":[232,160],"class_list":["post-2608","post","type-post","status-publish","format-standard","has-post-thumbnail","hentry","category-genel","tag-dikili-belediyesi","tag-izmir-4-nolu-sube"],"_links":{"self":[{"href":"http:\/\/belediyeis.org.tr\/merkez\/wp-json\/wp\/v2\/posts\/2608","targetHints":{"allow":["GET"]}}],"collection":[{"href":"http:\/\/belediyeis.org.tr\/merkez\/wp-json\/wp\/v2\/posts"}],"about":[{"href":"http:\/\/belediyeis.org.tr\/merkez\/wp-json\/wp\/v2\/types\/post"}],"author":[{"embeddable":true,"href":"http:\/\/belediyeis.org.tr\/merkez\/wp-json\/wp\/v2\/users\/3"}],"replies":[{"embeddable":true,"href":"http:\/\/belediyeis.org.tr\/merkez\/wp-json\/wp\/v2\/comments?post=2608"}],"version-history":[{"count":1,"href":"http:\/\/belediyeis.org.tr\/merkez\/wp-json\/wp\/v2\/posts\/2608\/revisions"}],"predecessor-version":[{"id":2609,"href":"http:\/\/belediyeis.org.tr\/merkez\/wp-json\/wp\/v2\/posts\/2608\/revisions\/2609"}],"wp:featuredmedia":[{"embeddable":true,"href":"http:\/\/belediyeis.org.tr\/merkez\/wp-json\/wp\/v2\/media\/1741"}],"wp:attachment":[{"href":"http:\/\/belediyeis.org.tr\/merkez\/wp-json\/wp\/v2\/media?parent=2608"}],"wp:term":[{"taxonomy":"category","embeddable":true,"href":"http:\/\/belediyeis.org.tr\/merkez\/wp-json\/wp\/v2\/categories?post=2608"},{"taxonomy":"post_tag","embeddable":true,"href":"http:\/\/belediyeis.org.tr\/merkez\/wp-json\/wp\/v2\/tags?post=2608"}],"curies":[{"name":"wp","href":"https:\/\/api.w.org\/{rel}","templated":true}]}}