{"id":2600,"date":"2019-11-15T13:39:49","date_gmt":"2019-11-15T10:39:49","guid":{"rendered":"http:\/\/belediyeis.org.tr\/merkez\/?p=2600"},"modified":"2022-03-28T13:41:33","modified_gmt":"2022-03-28T10:41:33","slug":"basindan-cumhuriyet-gazetesi-avcilar-belediyesinde-toplu-sozlesme-calisma-saatleri-azaldi-maaslar-artti","status":"publish","type":"post","link":"http:\/\/belediyeis.org.tr\/merkez\/2019\/11\/15\/basindan-cumhuriyet-gazetesi-avcilar-belediyesinde-toplu-sozlesme-calisma-saatleri-azaldi-maaslar-artti\/","title":{"rendered":"Bas\u0131ndan &#8211; Cumhuriyet Gazetesi &#8211; Avc\u0131lar Belediyesi\u2019nde toplu s\u00f6zle\u015fme: \u00c7al\u0131\u015fma saatleri azald\u0131, maa\u015flar artt\u0131"},"content":{"rendered":"<p style=\"text-align: justify;\">Avc\u0131lar Belediyesi\u2019nde 800 \u00e7al\u0131\u015fan\u0131 ilgilendiren Toplu \u0130\u015f S\u00f6zle\u015fmesi, T\u00fcrk \u0130\u015f\u2019e ba\u011fl\u0131 Belediye \u0130\u015f Sendikas\u0131 \u0130stanbul 2 No\u2019lu \u015eubesi ile Avc\u0131lar Belediye Ba\u015fkan\u0131 Av. Turan Han\u00e7erli aras\u0131nda imzaland\u0131. \u0130mzalanan s\u00f6zle\u015fmenin \u00f6nemine vurgu yapan Han\u00e7erli, \u201cHayat\u0131mda bu kadar mutlu oldu\u011fum ilk s\u00f6zle\u015fme bu oldu\u201d dedi.<\/p>\n<p style=\"text-align: justify;\">Avc\u0131lar Belediyesi\u2019nde 800 \u00e7al\u0131\u015fan\u0131 ilgilendiren Toplu \u0130\u015f S\u00f6zle\u015fmesi\u2019nde imzalar at\u0131ld\u0131. T\u00f6rende Belediye \u0130\u015f Sendikas\u0131 Genel Ba\u015fkan\u0131 Nihat Yurdakul ve \u0130stanbul 2 No\u2019lu \u015eube Ba\u015fkan\u0131 Erol \u00d6zdemir, Avc\u0131lar Belediye Ba\u015fkan\u0131 Av. Turan Han\u00e7erli, Ba\u015fkan Yard\u0131mc\u0131lar\u0131 ve Meclis \u00dcyeleri yer ald\u0131. S\u00f6zle\u015fmeye g\u00f6re, haftal\u0131k \u00e7al\u0131\u015fma saati 45\u2019ten 40\u2019a d\u00fc\u015f\u00fcr\u00fcl\u00fcrken, maa\u015flarda ve yol-yemek paras\u0131 gibi \u00fccretlerde art\u0131\u015f ya\u015fand\u0131.<\/p>\n<p style=\"text-align: justify;\">\u201cK\u0130MSEY\u0130 AYIRT ETMEYEN B\u0130R S\u00d6ZLE\u015eME \u0130MZALADIK\u201d<br \/>\nBelediye \u0130\u015f Sendikas\u0131 Genel Ba\u015fkan\u0131 Nihat Yurdakul, Avc\u0131lar Belediye Ba\u015fkan\u0131 Turan Han\u00e7erli\u2019ye te\u015fekk\u00fcr ederek t\u00fcm \u00e7al\u0131\u015fanlar\u0131 kapsayan, kimseyi ay\u0131rt etmeyen bir s\u00f6zle\u015fme imzaland\u0131\u011f\u0131n\u0131 belirtti. \u0130mzalanan s\u00f6zle\u015fmenin bir ba\u015flang\u0131\u00e7 oldu\u011funu ifade eden Yurdakul, haftal\u0131k \u00e7al\u0131\u015fma saatinin 45\u2019ten 40\u2019a d\u00fc\u015f\u00fcr\u00fclmesi i\u00e7in y\u0131llard\u0131r bir\u00e7ok i\u015fyerinde m\u00fccadele y\u00fcr\u00fctt\u00fcklerini ancak Turan Han\u00e7erli\u2019nin bu konuda \u00e7ok olumlu bir tav\u0131r sergiledi\u011fini s\u00f6yledi.<\/p>\n<p style=\"text-align: justify;\">\u2018SE\u00c7\u0130M MEYDANLARINDA VERD\u0130\u011e\u0130M\u0130Z S\u00d6Z\u00dc TUTTUK\u201d<br \/>\nTuran Han\u00e7erli de sendika y\u00f6neticilerine te\u015fekk\u00fcr ederek \u00e7al\u0131\u015fanlara, \u201cAvc\u0131lar halk\u0131 ad\u0131na verdi\u011finiz emeklerden dolay\u0131 te\u015fekk\u00fcr ediyorum elinize eme\u011finize sa\u011fl\u0131k. Sizlerin ko\u015fullar\u0131n\u0131n daha da iyi olmas\u0131 i\u00e7in elbette \u00e7al\u0131\u015faca\u011f\u0131z\u201d diye seslendi. T\u00fcrkiye\u2019de belediyelerin merkezi h\u00fck\u00fcmetin bask\u0131s\u0131 ve gelirlerin azalmas\u0131yla her ge\u00e7en g\u00fcn daha k\u00f6t\u00fc konuma d\u00fc\u015ft\u00fc\u011f\u00fcn\u00fc ifade eden Han\u00e7erli, \u201cAma \u00e7ok \u015f\u00fck\u00fcr se\u00e7im meydanlar\u0131nda verdi\u011fimiz s\u00f6z\u00fc bug\u00fcne kadar tuttuk. \u2018M\u00fcteahhite de\u011fil \u00f6nce \u00e7al\u0131\u015fma arkada\u015f\u0131m\u0131za\u2019 dedik, \u2018\u00f6nce i\u015f\u00e7ilere\u2019 dedik ve b\u0131rak\u0131n bir g\u00fcn\u00fc, 1 saat bile maa\u015flar\u0131n\u0131z\u0131 geciktirmedik\u201d dedi.<\/p>\n<p style=\"text-align: justify;\">\u201cS\u0130Z \u0130Y\u0130 OLDU\u011eUNUZDA B\u0130Z DE \u0130Y\u0130 OLURUZ\u201d<br \/>\nHaftal\u0131k 40 saat \u00e7al\u0131\u015fma i\u00e7in \u201c100 y\u0131l \u00f6ncenin tart\u0131\u015fmas\u0131\u201d diyen Han\u00e7erli, \u201c45 saat \u00e7al\u0131\u015fma ile 40 saat \u00e7al\u0131\u015fma aras\u0131nda bir fark olmayacak. Daha iyi \u00fcretim, daha iyi \u00e7al\u0131\u015fma olacak. Daha verimli \u00e7al\u0131\u015faca\u011f\u0131m\u0131za inan\u0131yorum. 2020\u2019de haftada 40 saat \u00e7al\u0131\u015faca\u011f\u0131z. Yani otomatik olarak maa\u015flara y\u00fczde 12,5 zam geliyor 2020\u2019de. Ama \u201845 saatten 40 saate d\u00fc\u015f\u00fcr\u00fcyoruz, zam yapmayal\u0131m\u2019 da demedik. 2020\u2019de enflasyon, art\u0131 enflasyonun \u00fczerinde maktu bir \u00fccret zamm\u0131 \u00f6ng\u00f6rd\u00fck. Saat d\u00fc\u015ft\u00fc, b\u0131rak\u0131n maa\u015f\u0131 d\u00fc\u015f\u00fcrmeyi zam vermekten de geri kalmad\u0131k. \u00c7al\u0131\u015fma arkada\u015flar\u0131m\u0131z\u0131n mutlulu\u011fu, huzuru, g\u00fcveni bizim en \u00f6nemli meselelerimiz. Siz iyi oldu\u011funuzda biz de iyi oluruz. Siz \u00fcz\u00fcld\u00fc\u011f\u00fcn\u00fczde biz de \u00fcz\u00fcl\u00fcr\u00fcz\u201d ifadelerini kulland\u0131.<\/p>\n<p style=\"text-align: justify;\">\u201c\u00c7ALI\u015eMA ARKADA\u015eLARI ARASINDAK\u0130 MUTABAKAT\u201d<br \/>\n\u0130mzalanan s\u00f6zle\u015fmenin son derece \u00f6nemli oldu\u011funa vurgu yapan Han\u00e7erli, \u201cKar\u015f\u0131l\u0131kl\u0131 iki grubun, i\u015fverenle \u00e7al\u0131\u015fan\u0131n s\u00f6zle\u015fmesi de\u011fil bu. Bu s\u00f6zle\u015fme, \u00e7al\u0131\u015fma arkada\u015flar\u0131n\u0131n aralar\u0131ndaki mutabakat. \u00c7al\u0131\u015fma mutabakat\u0131 olarak kabul edin. Biz kar\u015f\u0131 kar\u015f\u0131ya hi\u00e7bir zaman gelmedik, bundan sonra da gelmeyiz merak etmeyin\u201d \u015feklinde konu\u015ftu.<\/p>\n<p style=\"text-align: justify;\">Belediye \u0130\u015f Y\u00f6neticileri ile Turan Han\u00e7erli\u2019nin imzalar\u0131 atmas\u0131n\u0131n ard\u0131ndan kar\u015f\u0131l\u0131kl\u0131 \u00e7i\u00e7ekler takdim edildi. Hayat\u0131ndaki en \u00f6nemli s\u00f6zle\u015fmeyi imzalad\u0131\u011f\u0131n\u0131 ifade eden Han\u00e7erli, \u201cHayat\u0131mda bu kadar mutlu oldu\u011fum ilk s\u00f6zle\u015fme bu oldu. Bu y\u00fczden bu \u00e7i\u00e7e\u011fi kurutup saklayaca\u011f\u0131m\u201d dedi.<\/p>\n<p style=\"text-align: justify;\">15.11.2019<\/p>\n<p style=\"text-align: justify;\">\n<p style=\"text-align: justify;\">\n<p>&nbsp;<\/p>\n","protected":false},"excerpt":{"rendered":"<p>Avc\u0131lar Belediyesi\u2019nde 800 \u00e7al\u0131\u015fan\u0131 ilgilendiren Toplu \u0130\u015f S\u00f6zle\u015fmesi, T\u00fcrk \u0130\u015f\u2019e ba\u011fl\u0131 Belediye \u0130\u015f Sendikas\u0131 \u0130stanbul 2 No\u2019lu \u015eubesi ile Avc\u0131lar Belediye Ba\u015fkan\u0131 Av. Turan Han\u00e7erli aras\u0131nda imzaland\u0131. \u0130mzalanan s\u00f6zle\u015fmenin \u00f6nemine vurgu yapan Han\u00e7erli, \u201cHayat\u0131mda bu kadar mutlu oldu\u011fum ilk s\u00f6zle\u015fme bu oldu\u201d dedi. Avc\u0131lar Belediyesi\u2019nde 800 \u00e7al\u0131\u015fan\u0131 ilgilendiren Toplu \u0130\u015f S\u00f6zle\u015fmesi\u2019nde imzalar at\u0131ld\u0131. T\u00f6rende Belediye [&hellip;]<\/p>\n","protected":false},"author":3,"featured_media":2601,"comment_status":"open","ping_status":"open","sticky":false,"template":"","format":"standard","meta":{"jnews-multi-image_gallery":[],"jnews_single_post":{"source_name":"","source_url":"","via_name":"","via_url":"","override_template":"0","override":[{"template":"1","single_blog_custom":"","parallax":"1","fullscreen":"1","layout":"right-sidebar","sidebar":"default-sidebar","second_sidebar":"default-sidebar","sticky_sidebar":"1","share_position":"top","share_float_style":"share-monocrhome","show_share_counter":"1","show_view_counter":"1","show_featured":"1","show_post_meta":"1","show_post_author":"1","show_post_author_image":"1","show_post_date":"1","post_date_format":"default","post_date_format_custom":"Y\/m\/d","show_post_category":"1","show_post_reading_time":"0","post_reading_time_wpm":"300","show_zoom_button":"0","zoom_button_out_step":"2","zoom_button_in_step":"3","show_post_tag":"1","show_prev_next_post":"1","show_popup_post":"1","number_popup_post":"1","show_author_box":"0","show_post_related":"0","show_inline_post_related":"0"}],"override_image_size":"0","image_override":[{"single_post_thumbnail_size":"crop-500","single_post_gallery_size":"crop-500"}],"trending_post":"0","trending_post_position":"meta","trending_post_label":"Trending","sponsored_post":"0","sponsored_post_label":"Sponsored by","sponsored_post_name":"","sponsored_post_url":"","sponsored_post_logo_enable":"0","sponsored_post_logo":"","sponsored_post_desc":"","disable_ad":"0"},"jnews_primary_category":{"id":""},"jnews_social_meta":{"fb_title":"","fb_description":"","fb_image":"","twitter_title":"","twitter_description":"","twitter_image":""},"jnews_override_counter":{"override_view_counter":"0","view_counter_number":"0","override_share_counter":"0","share_counter_number":"0","override_like_counter":"0","like_counter_number":"0","override_dislike_counter":"0","dislike_counter_number":"0"},"footnotes":""},"categories":[1],"tags":[230,121],"class_list":["post-2600","post","type-post","status-publish","format-standard","has-post-thumbnail","hentry","category-genel","tag-avcilar-belediyesi","tag-istanbul-2-nolu-sube"],"_links":{"self":[{"href":"http:\/\/belediyeis.org.tr\/merkez\/wp-json\/wp\/v2\/posts\/2600","targetHints":{"allow":["GET"]}}],"collection":[{"href":"http:\/\/belediyeis.org.tr\/merkez\/wp-json\/wp\/v2\/posts"}],"about":[{"href":"http:\/\/belediyeis.org.tr\/merkez\/wp-json\/wp\/v2\/types\/post"}],"author":[{"embeddable":true,"href":"http:\/\/belediyeis.org.tr\/merkez\/wp-json\/wp\/v2\/users\/3"}],"replies":[{"embeddable":true,"href":"http:\/\/belediyeis.org.tr\/merkez\/wp-json\/wp\/v2\/comments?post=2600"}],"version-history":[{"count":1,"href":"http:\/\/belediyeis.org.tr\/merkez\/wp-json\/wp\/v2\/posts\/2600\/revisions"}],"predecessor-version":[{"id":2602,"href":"http:\/\/belediyeis.org.tr\/merkez\/wp-json\/wp\/v2\/posts\/2600\/revisions\/2602"}],"wp:featuredmedia":[{"embeddable":true,"href":"http:\/\/belediyeis.org.tr\/merkez\/wp-json\/wp\/v2\/media\/2601"}],"wp:attachment":[{"href":"http:\/\/belediyeis.org.tr\/merkez\/wp-json\/wp\/v2\/media?parent=2600"}],"wp:term":[{"taxonomy":"category","embeddable":true,"href":"http:\/\/belediyeis.org.tr\/merkez\/wp-json\/wp\/v2\/categories?post=2600"},{"taxonomy":"post_tag","embeddable":true,"href":"http:\/\/belediyeis.org.tr\/merkez\/wp-json\/wp\/v2\/tags?post=2600"}],"curies":[{"name":"wp","href":"https:\/\/api.w.org\/{rel}","templated":true}]}}