{"id":2597,"date":"2019-11-29T13:06:52","date_gmt":"2019-11-29T10:06:52","guid":{"rendered":"http:\/\/belediyeis.org.tr\/merkez\/?p=2597"},"modified":"2022-03-28T13:38:33","modified_gmt":"2022-03-28T10:38:33","slug":"emekcinin-alinterinden-tasarruf-yapilamaz","status":"publish","type":"post","link":"http:\/\/belediyeis.org.tr\/merkez\/2019\/11\/29\/emekcinin-alinterinden-tasarruf-yapilamaz\/","title":{"rendered":"Emek\u00e7inin Al\u0131nterinden Tasarruf Yap\u0131lamaz"},"content":{"rendered":"<p style=\"text-align: justify;\">AK Partili Ayd\u0131n Bozdo\u011fan Belediye Ba\u015fkan\u0131 Ufuk Alt\u0131nta\u015f sendikam\u0131z \u00fcyesi 93 ki\u015finin i\u015f akdinin sonland\u0131r\u0131lmas\u0131 i\u00e7in Ayd\u0131n Bozdo\u011fan Belediye Meclisi\u2019nden yetki ald\u0131.<\/p>\n<p style=\"text-align: justify;\">Ard\u0131ndan da Ba\u015fkan utanmadan s\u0131k\u0131lmadan &#8220;Belediye olarak bor\u00e7 bata\u011f\u0131nday\u0131z. \u0130\u015f\u00e7i d\u00fc\u015fman\u0131 de\u011filiz\u201d a\u00e7\u0131klamas\u0131 yapt\u0131. Neresinden tutsan elinde kalan, tutars\u0131zl\u0131klarla dolu zavall\u0131 bir a\u00e7\u0131klama. Alt\u0131nta\u015f\u2019\u0131n bu giri\u015fimi 31 Mart se\u00e7imleri sonras\u0131 \u201ckoltukta poz\u201d skandal\u0131n\u0131 bile kat be kat a\u015fan bir olayd\u0131r.<\/p>\n<p style=\"text-align: justify;\">Ger\u00e7i, &#8220;Deveye Boynun neden e\u011fri?&#8221; diye sormu\u015flar. \u201cNerem do\u011fru ki; demi\u015f.&#8221;<\/p>\n<p style=\"text-align: justify;\">Ayd\u0131n Bozdo\u011fan Belediye Ba\u015fkan\u0131 Ufuk Alt\u0131nta\u015f\u2019a soruyoruz;<\/p>\n<p style=\"text-align: justify;\">Say\u0131n Alt\u0131nta\u015f, sizi zorla m\u0131 belediye ba\u015fkan\u0131 yapt\u0131lar? Aday olurken belediyenin mali durumunu bilmiyor muydunuz? Belediyenin sevk ve idaresini, i\u015f\u00e7iler mi yap\u0131yor? Aday oldu\u011funuz zaman tasarruf yapma s\u00f6z\u00fcm\u00fc verdiniz? Ortaya \u00e7\u0131kan bor\u00e7lar\u0131n sorumlusu i\u015f\u00e7iler mi?<\/p>\n<p style=\"text-align: justify;\">Bunlar\u0131n cevab\u0131 belli. Sorular\u0131n bir k\u0131sm\u0131n\u0131 biz cevaplayal\u0131m.<\/p>\n<p style=\"text-align: justify;\">Belediye Ba\u015fkan\u0131 Ufuk Alt\u0131nta\u015f zorla aday yapt\u0131r\u0131lmad\u0131. Aksine aday olmak i\u00e7in \u00e7ok hevesli oldu\u011funu, se\u00e7imler i\u00e7in \u00e7ok para harcad\u0131\u011f\u0131n\u0131 b\u00fct\u00fcn Bozdo\u011fan\u2019l\u0131lar \u00e7ok iyi biliyor.<\/p>\n<p style=\"text-align: justify;\">Alt\u0131nta\u015f, belediyenin mali durumunu da \u00e7ok iyi biliyordu. Neden mi? Ona \u015fimdi ona \u201ci\u015f\u00e7i \u00e7\u0131karmas\u0131 i\u00e7in yetki alma akl\u0131n\u0131\u201d verenler se\u00e7imlerden \u00f6nce belediyenin mali durumu bilgisini de vermi\u015flerdi. Ufuk Alt\u0131nta\u015f sen bu i\u015f\u00e7ilere se\u00e7im \u00f6ncesi \u201chi\u00e7 kimseyi i\u015ften \u00e7\u0131kartmayaca\u011f\u0131m\u201d diye s\u00f6z vermedin mi? Senin s\u00f6z\u00fcn\u00fcn hi\u00e7 mi de\u011feri yok.<\/p>\n<p style=\"text-align: justify;\">Say\u0131n Alt\u0131nta\u015f, akl\u0131n\u0131z\u0131n dibi g\u00f6r\u00fcn\u00fcyor.<\/p>\n<p style=\"text-align: justify;\">Biz sizin ne yapmak istedi\u011fini \u00e7ok iyi biliyoruz. Amac\u0131n\u0131z Belediye i\u015f\u00e7ilere \u00f6l\u00fcm\u00fc g\u00f6sterip, s\u0131tmaya raz\u0131 etmek. Yani diyorsunuz ki; ya i\u015fsiz kal\u0131rs\u0131n ya da toplu s\u00f6zle\u015fmeyle ald\u0131\u011f\u0131n haklar\u0131 elinden al\u0131r\u0131m d\u00fc\u015f\u00fck \u00fccretle \u00e7al\u0131\u015f\u0131rs\u0131n.<\/p>\n<p style=\"text-align: justify;\">Yok \u00f6yle ya\u011fma. Say\u0131n Alt\u0131nta\u015f buna ne sizin g\u00fcc\u00fcn yeter, ne de sana ak\u0131l verenlerin.<\/p>\n<p style=\"text-align: justify;\">Haddini bil. Bozdo\u011fan i\u015f\u00e7isi sahipsiz de\u011fil.<\/p>\n<p style=\"text-align: justify;\">Say\u0131n Alt\u0131nta\u015f, Ayd\u0131n Bozdo\u011fan\u2019da sendikam\u0131z \u00fcyesi 93 i\u015f\u00e7iyi i\u015ften \u00e7\u0131kar\u0131p, hizmetleri kimlerle vereceksin? \u0130\u015fkur\u2019dan asgari \u00fccretle toplum yarar\u0131na \u00e7al\u0131\u015fma kapsam\u0131nda i\u015f\u00e7i al\u0131p belediyenin t\u00fcm birimlerinden kullanaca\u011f\u0131n\u0131 akl\u0131ndan ge\u00e7iriyorsan sak\u0131n ha!!! Say\u0131n Alt\u0131nta\u015f \u201cburas\u0131 \u00e7ok \u00f6nemli\u201d. Ne siz, ne de \u0130\u015fkur yetkilileri hukuk d\u0131\u015f\u0131 b\u00f6yle bir i\u015fe niyetlenmeyin. Yapt\u0131\u011f\u0131n\u0131z hukuksuzlu\u011fun alt\u0131nda kal\u0131rs\u0131n\u0131z. \u0130\u015f bar\u0131\u015f\u0131n\u0131 bozdu\u011funuz i\u00e7in Bozdo\u011fan\u2019\u0131n da huzurunu bozars\u0131n.<\/p>\n<p style=\"text-align: justify;\">Say\u0131n Alt\u0131nta\u015f b\u00fct\u00fcn bu ger\u00e7ekleri bilmesine ra\u011fmen, karar\u0131 protesto eden sendikam\u0131z \u00fcyelerini \u201cArkada\u015flar biraz acele ediyor. Ger\u00e7ekle\u015ftirdikleri eylem de acele bir eylem\u201d diyebiliyorsunuz. Bu daha ba\u015flang\u0131\u00e7.<\/p>\n<p style=\"text-align: justify;\">Hocan\u0131n dedi\u011fi gibi \u201cbiz testi k\u0131r\u0131lmadan\u201d uyaral\u0131m. Daha sonra siz \u201cbilmiyordum, kand\u0131r\u0131ld\u0131m\u201d demeyin.<\/p>\n<p style=\"text-align: justify;\">Say\u0131n Alt\u0131nta\u015f siz \u201c\u015firket batt\u0131\u201d diye i\u015fin i\u00e7inden s\u0131yr\u0131lamazs\u0131n\u0131z. Bozdo\u011fan Belediyesi sizin \u015firketiniz de\u011fil, Bozdo\u011fan halk\u0131n\u0131nd\u0131r. Bozdo\u011fan belediyesinin bor\u00e7lar\u0131n\u0131n sorumlusu i\u015f\u00e7iler de\u011fildir. Faturay\u0131 Bozdo\u011fan i\u015f\u00e7isine kesemezsiniz. Say\u0131n Alt\u0131nta\u015f siz e\u011fer Bozdo\u011fan\u2019\u0131 y\u00f6netme sorumlulu\u011funun a\u011f\u0131rl\u0131\u011f\u0131 alt\u0131nda eziliyorsan\u0131z, istifa edersiniz. Merak etmeyin mutlaka Bozdo\u011fan Belediye Meclisinde bu sorumlulu\u011fu alacak biri bulunur.<\/p>\n<p style=\"text-align: justify;\">Akl\u0131n\u0131za ba\u015f\u0131n\u0131za al\u0131n i\u015f\u00e7inin al\u0131n teriyle, ekme\u011fiyle oynamay\u0131n.<\/p>\n<p style=\"text-align: justify;\">Belediye-\u0130\u015f, d\u00fcn oldu\u011fu gibi bug\u00fcn de yar\u0131n da Bozdo\u011fan i\u015f\u00e7ilerinin yan\u0131nda oldu, olmaya da devam edecek. Belediye-\u0130\u015f \u00fcyelerinin Anayasa\u2019dan, yasalardan ve toplu s\u00f6zle\u015fmelerden kaynaklanan haklar\u0131n\u0131n sonuna kadar savunmakta kararl\u0131d\u0131r.<\/p>\n<p style=\"text-align: justify;\">Sayg\u0131lar\u0131m\u0131zla.<\/p>\n<p style=\"text-align: justify;\">29.11.2019<\/p>\n<p style=\"text-align: justify;\">Belediye-\u0130\u015f Sendikas\u0131<\/p>\n","protected":false},"excerpt":{"rendered":"<p>AK Partili Ayd\u0131n Bozdo\u011fan Belediye Ba\u015fkan\u0131 Ufuk Alt\u0131nta\u015f sendikam\u0131z \u00fcyesi 93 ki\u015finin i\u015f akdinin sonland\u0131r\u0131lmas\u0131 i\u00e7in Ayd\u0131n Bozdo\u011fan Belediye Meclisi\u2019nden yetki ald\u0131. Ard\u0131ndan da Ba\u015fkan utanmadan s\u0131k\u0131lmadan &#8220;Belediye olarak bor\u00e7 bata\u011f\u0131nday\u0131z. \u0130\u015f\u00e7i d\u00fc\u015fman\u0131 de\u011filiz\u201d a\u00e7\u0131klamas\u0131 yapt\u0131. Neresinden tutsan elinde kalan, tutars\u0131zl\u0131klarla dolu zavall\u0131 bir a\u00e7\u0131klama. Alt\u0131nta\u015f\u2019\u0131n bu giri\u015fimi 31 Mart se\u00e7imleri sonras\u0131 \u201ckoltukta poz\u201d skandal\u0131n\u0131 [&hellip;]<\/p>\n","protected":false},"author":3,"featured_media":2598,"comment_status":"open","ping_status":"open","sticky":false,"template":"","format":"standard","meta":{"jnews-multi-image_gallery":[],"jnews_single_post":{"source_name":"","source_url":"","via_name":"","via_url":"","override_template":"0","override":[{"template":"1","single_blog_custom":"","parallax":"1","fullscreen":"1","layout":"right-sidebar","sidebar":"default-sidebar","second_sidebar":"default-sidebar","sticky_sidebar":"1","share_position":"top","share_float_style":"share-monocrhome","show_share_counter":"1","show_view_counter":"1","show_featured":"1","show_post_meta":"1","show_post_author":"1","show_post_author_image":"1","show_post_date":"1","post_date_format":"default","post_date_format_custom":"Y\/m\/d","show_post_category":"1","show_post_reading_time":"0","post_reading_time_wpm":"300","show_zoom_button":"0","zoom_button_out_step":"2","zoom_button_in_step":"3","show_post_tag":"1","show_prev_next_post":"1","show_popup_post":"1","number_popup_post":"1","show_author_box":"0","show_post_related":"0","show_inline_post_related":"0"}],"override_image_size":"0","image_override":[{"single_post_thumbnail_size":"crop-500","single_post_gallery_size":"crop-500"}],"trending_post":"0","trending_post_position":"meta","trending_post_label":"Trending","sponsored_post":"0","sponsored_post_label":"Sponsored by","sponsored_post_name":"","sponsored_post_url":"","sponsored_post_logo_enable":"0","sponsored_post_logo":"","sponsored_post_desc":"","disable_ad":"0"},"jnews_primary_category":{"id":""},"jnews_social_meta":{"fb_title":"","fb_description":"","fb_image":"","twitter_title":"","twitter_description":"","twitter_image":""},"jnews_override_counter":{"override_view_counter":"0","view_counter_number":"0","override_share_counter":"0","share_counter_number":"0","override_like_counter":"0","like_counter_number":"0","override_dislike_counter":"0","dislike_counter_number":"0"},"footnotes":""},"categories":[1],"tags":[136,103,229],"class_list":["post-2597","post","type-post","status-publish","format-standard","has-post-thumbnail","hentry","category-genel","tag-aydin-sube","tag-basin-aciklamasi","tag-bozdogan-belediyesi"],"_links":{"self":[{"href":"http:\/\/belediyeis.org.tr\/merkez\/wp-json\/wp\/v2\/posts\/2597","targetHints":{"allow":["GET"]}}],"collection":[{"href":"http:\/\/belediyeis.org.tr\/merkez\/wp-json\/wp\/v2\/posts"}],"about":[{"href":"http:\/\/belediyeis.org.tr\/merkez\/wp-json\/wp\/v2\/types\/post"}],"author":[{"embeddable":true,"href":"http:\/\/belediyeis.org.tr\/merkez\/wp-json\/wp\/v2\/users\/3"}],"replies":[{"embeddable":true,"href":"http:\/\/belediyeis.org.tr\/merkez\/wp-json\/wp\/v2\/comments?post=2597"}],"version-history":[{"count":1,"href":"http:\/\/belediyeis.org.tr\/merkez\/wp-json\/wp\/v2\/posts\/2597\/revisions"}],"predecessor-version":[{"id":2599,"href":"http:\/\/belediyeis.org.tr\/merkez\/wp-json\/wp\/v2\/posts\/2597\/revisions\/2599"}],"wp:featuredmedia":[{"embeddable":true,"href":"http:\/\/belediyeis.org.tr\/merkez\/wp-json\/wp\/v2\/media\/2598"}],"wp:attachment":[{"href":"http:\/\/belediyeis.org.tr\/merkez\/wp-json\/wp\/v2\/media?parent=2597"}],"wp:term":[{"taxonomy":"category","embeddable":true,"href":"http:\/\/belediyeis.org.tr\/merkez\/wp-json\/wp\/v2\/categories?post=2597"},{"taxonomy":"post_tag","embeddable":true,"href":"http:\/\/belediyeis.org.tr\/merkez\/wp-json\/wp\/v2\/tags?post=2597"}],"curies":[{"name":"wp","href":"https:\/\/api.w.org\/{rel}","templated":true}]}}