{"id":2540,"date":"2020-05-01T14:38:18","date_gmt":"2020-05-01T11:38:18","guid":{"rendered":"http:\/\/belediyeis.org.tr\/merkez\/?p=2540"},"modified":"2022-03-25T14:41:04","modified_gmt":"2022-03-25T11:41:04","slug":"yasasin-1-mayis","status":"publish","type":"post","link":"http:\/\/belediyeis.org.tr\/merkez\/2020\/05\/01\/yasasin-1-mayis\/","title":{"rendered":"Ya\u015fas\u0131n 1 May\u0131s!"},"content":{"rendered":"<p style=\"text-align: justify;\"><strong>Sendikal ve sosyal g\u00fcvenlik haklar\u0131n\u0131n eksiksiz g\u00fcvence alt\u0131na al\u0131nd\u0131\u011f\u0131; akl\u0131n ve bilimin \u00f6nc\u00fcl\u00fc\u011f\u00fcnde, insan onuruna yak\u0131\u015f\u0131r bir i\u015f ve ya\u015fam istiyoruz\u2026<\/strong><\/p>\n<p style=\"text-align: justify;\">De\u011ferli arkada\u015flar,<\/p>\n<p style=\"text-align: justify;\">Bug\u00fcn 1 May\u0131s, i\u015f\u00e7i s\u0131n\u0131f\u0131n\u0131n Uluslararas\u0131 Birlik, M\u00fccadele ve Dayan\u0131\u015fma G\u00fcn\u00fc. 1 May\u0131s tarihinde ilk defa, emek\u00e7iler vir\u00fcs salg\u0131n\u0131 nedeniyle kitlesel olarak meydanlar\u0131 dolduramasa da; kalbimiz, y\u00fczlerce farkl\u0131 \u00fclkede, birbirinin dilini bilmeyen milyonlarca emek\u00e7iyle birlikte atacak.<\/p>\n<p style=\"text-align: justify;\">Bug\u00fcn daha iyi ko\u015fullarda ya\u015famak ve \u00e7al\u0131\u015fmak isteyen d\u00fcnyan\u0131n t\u00fcm emek\u00e7ileriyle, birlikte bulundu\u011fumuz her yerde bir kez daha sendikal ve sosyal g\u00fcvenlik haklar\u0131m\u0131z\u0131n eksiksiz g\u00fcvence alt\u0131na al\u0131nd\u0131\u011f\u0131, \u201cinsan onuruna yara\u015f\u0131r i\u015f\u201d, \u201cEkmek, bar\u0131\u015f ve adalet\u201d talebini, y\u00fckseltece\u011fiz.<\/p>\n<p style=\"text-align: justify;\">De\u011ferli arkada\u015flar,<\/p>\n<p style=\"text-align: justify;\">D\u00fcnya ve \u00fclkemiz ciddi bir vir\u00fcs salg\u0131n\u0131yla zor bir d\u00f6nemden ge\u00e7iyor. Bu zorlu d\u00f6nemde hayatlar\u0131 pahas\u0131na hizmet veren, bilim insanlar\u0131na, doktorlara, hem\u015firelere ve t\u00fcm sa\u011fl\u0131k emek\u00e7ilerine, halk\u0131m\u0131z\u0131n sa\u011fl\u0131k ve huzur i\u00e7inde ya\u015famas\u0131 i\u00e7in \u00e7al\u0131\u015fan bu s\u00fcrecin g\u00f6r\u00fcnmez kahraman\u0131 ba\u015fta sendikam\u0131z \u00fcyeleri olmak \u00fczere t\u00fcm emek\u00e7ilere minnet bor\u00e7luyuz.<\/p>\n<p style=\"text-align: justify;\">Salg\u0131n, emek\u00e7ilerin vazge\u00e7ilmezli\u011fini, onlar\u0131n \u00fcretmedi\u011fi, hizmet etmedi\u011fi bir hayat\u0131n s\u00fcrd\u00fcr\u00fclemeyece\u011fini bir kez daha g\u00f6stermi\u015ftir.<\/p>\n<p style=\"text-align: justify;\">Koronavir\u00fcs salg\u0131n\u0131; emek ve do\u011fa s\u00f6m\u00fcr\u00fcs\u00fcyle, sava\u015flarla, ekonomik krizlerle, emek\u00e7i halklara yoksulluk, i\u015fsizlik ve sava\u015ftan ba\u015fka bir \u015fey vermeyen kapitalist sistemin \u00f6zelle\u015ftirmeci, k\u00fcreselci, esnek istihdama dayal\u0131 neo-liberal politikalar\u0131n\u0131n da iflas\u0131n\u0131 g\u00f6stermi\u015ftir.<\/p>\n<p style=\"text-align: justify;\">Vir\u00fcs salg\u0131n\u0131 nedeniyle, en zengininden en fakirine kadar bir\u00e7ok \u00fclke, kamucu sosyal devlet uygulamalar\u0131yla, halk\u0131na kar\u015f\u0131l\u0131ks\u0131z gelir destekleriyle, elektrik, do\u011falgaz, su ba\u015fta olmak \u00fczere temel t\u00fcketim ihtiya\u00e7lar\u0131n\u0131 bedelsiz veya indirimli sa\u011flam\u0131\u015ft\u0131r.<\/p>\n<p style=\"text-align: justify;\">\u00dclkemizde ise iktidar, kampanyalarla emek\u00e7i halktan yard\u0131m talep etmi\u015f, emek\u00e7iler ya\u015fam derdiyle, ge\u00e7im derdi aras\u0131na s\u0131k\u0131\u015ft\u0131r\u0131lm\u0131\u015ft\u0131r.<\/p>\n<p style=\"text-align: justify;\">T\u00fcm d\u00fcnyada bilim insanlar\u0131n\u0131n salg\u0131nla m\u00fccadelenin en etkili yolunun evde kalmak ve temas\u0131 kesmek oldu\u011funu s\u00f6ylemesine ra\u011fmen, \u201ckaynaklar yetersiz, can pahas\u0131na da olsa \u00fcretim yap\u0131lmal\u0131\u201d denilerek salg\u0131n\u0131n faturas\u0131 emek\u00e7ilere kesilmi\u015ftir. \u0130ktidar; toplumun bir b\u00f6l\u00fcm\u00fcne \u201cevde kal\u201d derken, emek\u00e7ileri; fabrikalara, \u015fantiyelere, i\u015fyerlerine g\u00f6nderip, hastal\u0131\u011fa a\u00e7\u0131k hale getirmesi ne kadar ahlakidir?<\/p>\n<p style=\"text-align: justify;\">Sa\u011fl\u0131ktan daha \u00f6nemli, daha de\u011ferli ne olabilir?<\/p>\n<p style=\"text-align: justify;\">\u00dcretim azalsa ne olur? Sipari\u015fler gecikse ne olur? K\u00e2rlar d\u00fc\u015fse ne olur? Bunlar tekrar d\u00fczeltilebilir. Ama kaybedilen canlar\u0131 geri getirebilir misiniz?<\/p>\n<p style=\"text-align: justify;\">De\u011ferli arkada\u015flar,<\/p>\n<p style=\"text-align: justify;\">\u0130ktidar, emek\u00e7ilerin i\u015fini ve ge\u00e7imini g\u00fcvence alt\u0131na almak yerine, destek paketleriyle, te\u015fviklerle i\u015fverenlerin y\u00fcz\u00fcn\u00fc g\u00fcld\u00fcrmeyi tercih etmi\u015ftir. \u0130ktidar, i\u015fverenlerin vergilerini indirmi\u015f, ek krediler vermi\u015f, ge\u00e7ilmeyen k\u00f6pr\u00fclerine ve yollar\u0131na milyonlarca dolar \u00f6demeye devam etmi\u015ftir.<\/p>\n<p style=\"text-align: justify;\">Salg\u0131nda ihaleleri durdurmam\u0131\u015f, do\u011fam\u0131z, su kaynaklar\u0131m\u0131z; ranta ve talana a\u00e7\u0131lmaya devam etmi\u015ftir. Bu da yetmemi\u015f, i\u015fverenlerin talepleri iktidar taraf\u0131ndan bir bir yasala\u015ft\u0131r\u0131lm\u0131\u015ft\u0131r. Milyonlarca emek\u00e7inin anayasal \u00f6rg\u00fctlenme ve toplu s\u00f6zle\u015fme haklar\u0131 yasaklanm\u0131\u015ft\u0131r. B\u00f6ylece yakla\u015f\u0131k iki y\u0131ld\u0131r s\u00f6zle\u015fme yapmalar\u0131 yasaklanarak %4\u2019l\u00fck sefalet \u00fccretine mahk\u00fbm edilen 696 say\u0131l\u0131 KHK kapsam\u0131ndaki emek\u00e7iler bir kez daha cezaland\u0131r\u0131lm\u0131\u015ft\u0131r.<\/p>\n<p style=\"text-align: justify;\">Yap\u0131lan \u201c\u00fccretsiz izin\u201d d\u00fczenlemesiyle, i\u015f\u00e7i iradesi yok say\u0131l\u0131p, emek\u00e7iler fondan \u00f6denen ayl\u0131k 1168 TL\u2019ye mahk\u00fbm edilirken, i\u015fverenlere istedikleri zaman i\u015f\u00e7iyi \u201c\u00fccretsiz izne\u201d \u00e7\u0131karma hakk\u0131 verilmi\u015ftir. \u0130ktidar; ald\u0131\u011f\u0131 kararlarla, yapt\u0131\u011f\u0131 yasal d\u00fczenlemelerle tercihini bir kez daha i\u015f\u00e7iden de\u011fil, sermayeden yana kullanm\u0131\u015ft\u0131r. Bu yap\u0131lan\u0131n ad\u0131 salg\u0131n f\u0131rsat\u00e7\u0131l\u0131\u011f\u0131d\u0131r.<\/p>\n<p style=\"text-align: justify;\">\u0130\u015f\u00e7iyi k\u00f6le gibi \u00e7al\u0131\u015ft\u0131rmak, \u00fcrettirmek serbestken, i\u015f\u00e7inin \u00f6rg\u00fctlenmesi, toplu s\u00f6zle\u015fme yapmas\u0131 yasaklanm\u0131\u015ft\u0131r.<\/p>\n<p style=\"text-align: justify;\">De\u011ferli arkada\u015flar,<\/p>\n<p style=\"text-align: justify;\">\u0130\u015fverenleri ve iktidar\u0131 uyar\u0131yoruz. \u201cSalg\u0131nda normale d\u00f6n\u00fcyoruz, ama salg\u0131n\u0131n ekonomik faturas\u0131 var\u201d deyip, salg\u0131n\u0131n faturas\u0131n\u0131 emek\u00e7ilere kesmeye kalkmay\u0131n.<\/p>\n<p style=\"text-align: justify;\">Siz \u00f6nce, \u00f6l\u00e7\u00fcs\u00fczce, g\u00f6rg\u00fcs\u00fczce yapt\u0131\u011f\u0131n\u0131z israfa, saltanata, \u015fatafata bir son verin\u2026 Sonra da salg\u0131n\u0131n faturas\u0131n\u0131, ucuz kredi verdi\u011finiz in\u015faat \u015firketlerine, devlet garantisiyle ihale verdi\u011finiz, d\u00fcnyan\u0131n en fazla kamu ihalesi alan m\u00fcteahhitlerinize, teminats\u0131z kredi verdi\u011finiz \u015firketlere, bol kep\u00e7e kredi da\u011f\u0131tt\u0131\u011f\u0131n\u0131z medya patronlar\u0131na \u00f6detin.<\/p>\n<p style=\"text-align: justify;\">SALGININ DA, EKONOM\u0130K KR\u0130Z\u0130N DE SORUMLUSU B\u0130Z DE\u011e\u0130L\u0130Z, BEDEL\u0130N\u0130 DE B\u0130Z \u00d6DEMEYECE\u011e\u0130Z\u2026<\/p>\n<p style=\"text-align: justify;\">Koronavir\u00fcs ile m\u00fccadele i\u00e7in \u00e7al\u0131\u015fmas\u0131 zorunlu olan i\u015fyerleri d\u0131\u015f\u0131nda t\u00fcm i\u015fler durdurulmal\u0131, i\u015f\u00e7ilerin gelir kay\u0131plar\u0131 i\u015fsizlik sigortas\u0131ndan kar\u015f\u0131lanmal\u0131d\u0131r.<\/p>\n<p style=\"text-align: justify;\">Ba\u015fta sa\u011fl\u0131k ve belediye emek\u00e7ileri olmak \u00fczere koronavir\u00fcs m\u00fccadelesinde yer alan emek\u00e7ilerin koruyucu malzeme ihtiya\u00e7lar\u0131 eksiksiz olarak kar\u015f\u0131lanmal\u0131, periyodik olarak testleri yap\u0131lmal\u0131d\u0131r.<\/p>\n<p style=\"text-align: justify;\">Bizler, bu \u00fclkenin; i\u015f\u00e7ileri, i\u015fsizleri, \u00e7ift\u00e7ileri, kamu emek\u00e7ileriyiz\u2026<\/p>\n<p style=\"text-align: justify;\">\u00dclkemizde ve d\u00fcnyada bar\u0131\u015f\u0131n, karde\u015fli\u011fin, hukukun, demokrasinin ve dayan\u0131\u015fman\u0131n h\u00fck\u00fcm s\u00fcrmesi i\u00e7in M\u00dcCADELE ED\u0130YORUZ.<\/p>\n<p style=\"text-align: justify;\">Bizler \u0130NSAN ONURUNA YARA\u015eIR B\u0130R \u0130\u015e VE YA\u015eAM \u0130\u00c7\u0130N, kamusal sosyal g\u00fcvenlik ve sendikal haklar\u0131m\u0131z\u0131n eksiksiz g\u00fcvence alt\u0131na al\u0131nd\u0131\u011f\u0131 yeni bir toplumsal d\u00fczen istiyoruz<\/p>\n<p style=\"text-align: justify;\">Bizler, esnek, g\u00fcvencesiz \u00e7al\u0131\u015ft\u0131rmaya, i\u015fsizli\u011fe, yoksullu\u011fa, k\u0131dem tazminat\u0131m\u0131z\u0131n fona devrine kar\u015f\u0131, insanlar\u0131n a\u00e7l\u0131ktan \u00f6lmedi\u011fi; \u00e7ocuklar\u0131n sava\u015flar sonucunda anas\u0131z-babas\u0131z kalmad\u0131\u011f\u0131 bir d\u00fcnyada insanca \u00e7al\u0131\u015fmak ve insanca ya\u015famak istiyoruz.<\/p>\n<p style=\"text-align: justify;\">YA\u015eASIN SINIF DAYANI\u015eMASI, YA\u015eASIN 1 MAYIS<\/p>\n<p style=\"text-align: justify;\">Belediye-\u0130\u015f Sendikas\u0131<\/p>\n","protected":false},"excerpt":{"rendered":"<p>Sendikal ve sosyal g\u00fcvenlik haklar\u0131n\u0131n eksiksiz g\u00fcvence alt\u0131na al\u0131nd\u0131\u011f\u0131; akl\u0131n ve bilimin \u00f6nc\u00fcl\u00fc\u011f\u00fcnde, insan onuruna yak\u0131\u015f\u0131r bir i\u015f ve ya\u015fam istiyoruz\u2026 De\u011ferli arkada\u015flar, Bug\u00fcn 1 May\u0131s, i\u015f\u00e7i s\u0131n\u0131f\u0131n\u0131n Uluslararas\u0131 Birlik, M\u00fccadele ve Dayan\u0131\u015fma G\u00fcn\u00fc. 1 May\u0131s tarihinde ilk defa, emek\u00e7iler vir\u00fcs salg\u0131n\u0131 nedeniyle kitlesel olarak meydanlar\u0131 dolduramasa da; kalbimiz, y\u00fczlerce farkl\u0131 \u00fclkede, birbirinin dilini bilmeyen [&hellip;]<\/p>\n","protected":false},"author":3,"featured_media":2542,"comment_status":"open","ping_status":"open","sticky":false,"template":"","format":"standard","meta":{"jnews-multi-image_gallery":[],"jnews_single_post":{"source_name":"","source_url":"","via_name":"","via_url":"","override_template":"0","override":[{"template":"1","single_blog_custom":"","parallax":"1","fullscreen":"1","layout":"right-sidebar","sidebar":"default-sidebar","second_sidebar":"default-sidebar","sticky_sidebar":"1","share_position":"top","share_float_style":"share-monocrhome","show_share_counter":"1","show_view_counter":"1","show_featured":"1","show_post_meta":"1","show_post_author":"1","show_post_author_image":"1","show_post_date":"1","post_date_format":"default","post_date_format_custom":"Y\/m\/d","show_post_category":"1","show_post_reading_time":"0","post_reading_time_wpm":"300","show_zoom_button":"0","zoom_button_out_step":"2","zoom_button_in_step":"3","show_post_tag":"1","show_prev_next_post":"1","show_popup_post":"1","number_popup_post":"1","show_author_box":"0","show_post_related":"0","show_inline_post_related":"0"}],"override_image_size":"0","image_override":[{"single_post_thumbnail_size":"crop-500","single_post_gallery_size":"crop-500"}],"trending_post":"0","trending_post_position":"meta","trending_post_label":"Trending","sponsored_post":"0","sponsored_post_label":"Sponsored by","sponsored_post_name":"","sponsored_post_url":"","sponsored_post_logo_enable":"0","sponsored_post_logo":"","sponsored_post_desc":"","disable_ad":"0"},"jnews_primary_category":{"id":""},"jnews_social_meta":{"fb_title":"","fb_description":"","fb_image":"","twitter_title":"","twitter_description":"","twitter_image":""},"jnews_override_counter":{"override_view_counter":"0","view_counter_number":"0","override_share_counter":"0","share_counter_number":"0","override_like_counter":"0","like_counter_number":"0","override_dislike_counter":"0","dislike_counter_number":"0"},"footnotes":""},"categories":[1],"tags":[212],"class_list":["post-2540","post","type-post","status-publish","format-standard","has-post-thumbnail","hentry","category-genel","tag-1-mayis"],"_links":{"self":[{"href":"http:\/\/belediyeis.org.tr\/merkez\/wp-json\/wp\/v2\/posts\/2540","targetHints":{"allow":["GET"]}}],"collection":[{"href":"http:\/\/belediyeis.org.tr\/merkez\/wp-json\/wp\/v2\/posts"}],"about":[{"href":"http:\/\/belediyeis.org.tr\/merkez\/wp-json\/wp\/v2\/types\/post"}],"author":[{"embeddable":true,"href":"http:\/\/belediyeis.org.tr\/merkez\/wp-json\/wp\/v2\/users\/3"}],"replies":[{"embeddable":true,"href":"http:\/\/belediyeis.org.tr\/merkez\/wp-json\/wp\/v2\/comments?post=2540"}],"version-history":[{"count":1,"href":"http:\/\/belediyeis.org.tr\/merkez\/wp-json\/wp\/v2\/posts\/2540\/revisions"}],"predecessor-version":[{"id":2543,"href":"http:\/\/belediyeis.org.tr\/merkez\/wp-json\/wp\/v2\/posts\/2540\/revisions\/2543"}],"wp:featuredmedia":[{"embeddable":true,"href":"http:\/\/belediyeis.org.tr\/merkez\/wp-json\/wp\/v2\/media\/2542"}],"wp:attachment":[{"href":"http:\/\/belediyeis.org.tr\/merkez\/wp-json\/wp\/v2\/media?parent=2540"}],"wp:term":[{"taxonomy":"category","embeddable":true,"href":"http:\/\/belediyeis.org.tr\/merkez\/wp-json\/wp\/v2\/categories?post=2540"},{"taxonomy":"post_tag","embeddable":true,"href":"http:\/\/belediyeis.org.tr\/merkez\/wp-json\/wp\/v2\/tags?post=2540"}],"curies":[{"name":"wp","href":"https:\/\/api.w.org\/{rel}","templated":true}]}}