{"id":2532,"date":"2022-03-25T11:52:34","date_gmt":"2022-03-25T08:52:34","guid":{"rendered":"http:\/\/belediyeis.org.tr\/merkez\/?p=2532"},"modified":"2022-03-25T11:52:34","modified_gmt":"2022-03-25T08:52:34","slug":"akcakoca-belediye-iscisinin-tek-talebi-alinterinin-karsiligi-olan-ucretin-zamaninda-duzenli-ve-tam-odenmesidir","status":"publish","type":"post","link":"http:\/\/belediyeis.org.tr\/merkez\/2022\/03\/25\/akcakoca-belediye-iscisinin-tek-talebi-alinterinin-karsiligi-olan-ucretin-zamaninda-duzenli-ve-tam-odenmesidir\/","title":{"rendered":"Ak\u00e7akoca Belediye i\u015f\u00e7isinin tek talebi, al\u0131nterinin kar\u015f\u0131l\u0131\u011f\u0131 olan \u00fccretin zaman\u0131nda, d\u00fczenli ve tam \u00f6denmesidir"},"content":{"rendered":"<p style=\"text-align: justify;\">Belediye emek\u00e7isinin derdi, ailesini namerde muhta\u00e7 ettirmemektir. Ak\u00e7akoca Belediyesi emek\u00e7ileri tam 3 ayd\u0131r \u00fccret ve sosyal haklar\u0131n\u0131 d\u00fczenli olarak alam\u0131yorlar. Ak\u00e7akoca belediye emek\u00e7ileri, biriken faturalar\u0131 ve bor\u00e7lar\u0131 y\u00fcz\u00fcnden adeta peri\u015fan halde.<\/p>\n<p style=\"text-align: justify;\">Hemen hemen her g\u00fcn, i\u011fneden ipli\u011fe gelen zamlar y\u00fcz\u00fcnden tek ge\u00e7im kaynaklar\u0131 ald\u0131klar\u0131 \u00fccret olan emek\u00e7iler, maa\u015flar\u0131n\u0131, sosyal haklar\u0131n\u0131 d\u00fczenli olarak alam\u0131yor.<\/p>\n<p style=\"text-align: justify;\">Ak\u00e7akoca Belediyesi emek\u00e7ilere, baz\u0131 aylar adeta sadaka verir gibi \u00fccretlerinin y\u00fczde 10\u2019nunu, baz\u0131 aylar ise y\u00fczde 50\u2019sini \u00f6d\u00fcyor.<\/p>\n<p style=\"text-align: justify;\">\u0130\u015f\u00e7inin \u00fccretini d\u00fczenli \u00f6demeyen Ak\u00e7akoca Belediyesi, \u201cKenti G\u00fczelle\u015ftiriyoruz\u201d ad\u0131 alt\u0131nda her t\u00fcrl\u00fc g\u00f6steri\u015fe on binlerce lira harcayabiliyor.<\/p>\n<p style=\"text-align: justify;\">Bu yanl\u0131\u015f tercihler y\u00fcz\u00fcnden, belediye i\u015f\u00e7ileri adeta muhta\u00e7 duruma d\u00fc\u015f\u00fcyor.<\/p>\n<p style=\"text-align: justify;\">Baz\u0131 i\u015f\u00e7iler, \u00fcniversitede okuyan evlad\u0131na para veremiyor. Baz\u0131lar\u0131 ise temel ihtiya\u00e7lar\u0131n\u0131 bile kar\u015f\u0131layamad\u0131\u011f\u0131 i\u00e7in elektrik paras\u0131n\u0131, kiras\u0131n\u0131 \u00f6deyemiyor.<\/p>\n<p style=\"text-align: justify;\">Her y\u00f6netici gibi, Ak\u00e7akoca Belediye Ba\u015fkan\u0131 Say\u0131n M. Okan Yanmaz da belediye ba\u015fkanl\u0131\u011f\u0131na aday olurken, belediyenin i\u00e7inde bulundu\u011fu ekonomik durumu bilerek aday olmu\u015ftur. Bu nedenle <strong>\u201cborcumuz \u00e7ok\u201d<\/strong> asla mazaret olamaz.<\/p>\n<p style=\"text-align: justify;\">Y\u00f6netici olman\u0131n sorumluluklar\u0131 vard\u0131r. Ekonomik s\u0131k\u0131nt\u0131lar\u0131n artarak devam etti\u011fi, hemen hemen her \u015feye, her g\u00fcn zam geldi\u011fi g\u00fcn\u00fcm\u00fczde Ak\u00e7akoca\u2019n\u0131n \u00f6ncelikli ihtiyac\u0131, israfa ka\u00e7an yat\u0131r\u0131mlar de\u011fildir.<\/p>\n<p style=\"text-align: justify;\">Ak\u00e7akoca\u2019n\u0131n \u00f6ncelikli ihtiyac\u0131, Ak\u00e7akoca\u2019n\u0131n evlatlar\u0131 belediye i\u015f\u00e7ilerinin, evlerine d\u00fczenli ekmek g\u00f6t\u00fcrmesidir.<\/p>\n<p style=\"text-align: justify;\">Her g\u00fcn evine g\u00f6t\u00fcrece\u011fi ekme\u011fi, \u00e7ocu\u011funa verece\u011fi har\u00e7l\u0131\u011f\u0131 d\u00fc\u015f\u00fcnen i\u015f\u00e7i \u00e7al\u0131\u015fma hayat\u0131nda da verimli olamaz. Hi\u00e7bir i\u015fveren de akl\u0131 fikri borcunda, harc\u0131nda olan, ak\u015fam yiyece\u011fi ekme\u011fi d\u00fc\u015f\u00fcnen i\u015f\u00e7iden tam verim bekleyemez.<\/p>\n<p style=\"text-align: justify;\">Hukuki olarak da insan\u0131 olarak da Ba\u015fkan Say\u0131n M. Okan Yanmaz\u2019\u0131n, \u00f6ncelikli g\u00f6revi, eme\u011fin,\u00a0al\u0131n terinin hakk\u0131 olan \u00fccretini, i\u015f\u00e7inin al\u0131nteri kurumadan vermesidir.<\/p>\n<p style=\"text-align: justify;\"><strong>Biz Belediye-\u0130\u015f olarak bu s\u00fcrecin takip\u00e7isi olaca\u011f\u0131z. <\/strong><\/p>\n<p style=\"text-align: justify;\"><strong>Belediye-\u0130\u015f olarak tek talebimiz, Ak\u00e7akoca Belediyesi\u2019nin eme\u011fin, al\u0131n terinin de\u011ferini, k\u0131ymetini bilmesi, al\u0131nterinin kar\u015f\u0131l\u0131\u011f\u0131 olan \u00fccreti zaman\u0131nda, d\u00fczenli \u00f6demesidir.<\/strong><\/p>\n<p style=\"text-align: justify;\">Belediye i\u015f\u00e7isi kadir, k\u0131ymet bilendir.<\/p>\n<p style=\"text-align: justify;\">Ak\u00e7akoca Belediye emek\u00e7isi kendi k\u0131ymetini bilen, hakk\u0131n\u0131 hukukunu g\u00f6zeten i\u015fverenine sahip \u00e7\u0131kmas\u0131n\u0131 bildi\u011fi gibi, hakk\u0131na hukukuna sahip \u00e7\u0131kmayana da,yeri ve zaman\u0131 geldi\u011finde demokratik tepkini g\u00f6stermeyi bilir.<\/p>\n<p style=\"text-align: justify;\">Sayg\u0131lar\u0131m\u0131zla.<\/p>\n<p style=\"text-align: justify;\">25.03.2022<\/p>\n<p style=\"text-align: justify;\">\n<p style=\"text-align: justify;\"><strong>Belediye-\u0130\u015f Sendikas\u0131<\/strong><\/p>\n","protected":false},"excerpt":{"rendered":"<p>Belediye emek\u00e7isinin derdi, ailesini namerde muhta\u00e7 ettirmemektir. Ak\u00e7akoca Belediyesi emek\u00e7ileri tam 3 ayd\u0131r \u00fccret ve sosyal haklar\u0131n\u0131 d\u00fczenli olarak alam\u0131yorlar. Ak\u00e7akoca belediye emek\u00e7ileri, biriken faturalar\u0131 ve bor\u00e7lar\u0131 y\u00fcz\u00fcnden adeta peri\u015fan halde. Hemen hemen her g\u00fcn, i\u011fneden ipli\u011fe gelen zamlar y\u00fcz\u00fcnden tek ge\u00e7im kaynaklar\u0131 ald\u0131klar\u0131 \u00fccret olan emek\u00e7iler, maa\u015flar\u0131n\u0131, sosyal haklar\u0131n\u0131 d\u00fczenli olarak alam\u0131yor. Ak\u00e7akoca Belediyesi [&hellip;]<\/p>\n","protected":false},"author":3,"featured_media":1741,"comment_status":"open","ping_status":"open","sticky":false,"template":"","format":"standard","meta":{"jnews-multi-image_gallery":[],"jnews_single_post":{"source_name":"","source_url":"","via_name":"","via_url":"","override_template":"0","override":[{"template":"1","single_blog_custom":"","parallax":"1","fullscreen":"1","layout":"right-sidebar","sidebar":"default-sidebar","second_sidebar":"default-sidebar","sticky_sidebar":"1","share_position":"top","share_float_style":"share-monocrhome","show_share_counter":"1","show_view_counter":"1","show_featured":"1","show_post_meta":"1","show_post_author":"1","show_post_author_image":"1","show_post_date":"1","post_date_format":"default","post_date_format_custom":"Y\/m\/d","show_post_category":"1","show_post_reading_time":"0","post_reading_time_wpm":"300","show_zoom_button":"0","zoom_button_out_step":"2","zoom_button_in_step":"3","show_post_tag":"1","show_prev_next_post":"1","show_popup_post":"1","number_popup_post":"1","show_author_box":"0","show_post_related":"0","show_inline_post_related":"0"}],"override_image_size":"0","image_override":[{"single_post_thumbnail_size":"crop-500","single_post_gallery_size":"crop-500"}],"trending_post":"0","trending_post_position":"meta","trending_post_label":"Trending","sponsored_post":"0","sponsored_post_label":"Sponsored by","sponsored_post_name":"","sponsored_post_url":"","sponsored_post_logo_enable":"0","sponsored_post_logo":"","sponsored_post_desc":"","disable_ad":"0"},"jnews_primary_category":{"id":""},"jnews_social_meta":{"fb_title":"","fb_description":"","fb_image":"","twitter_title":"","twitter_description":"","twitter_image":""},"jnews_override_counter":{"override_view_counter":"0","view_counter_number":"0","override_share_counter":"0","share_counter_number":"0","override_like_counter":"0","like_counter_number":"0","override_dislike_counter":"0","dislike_counter_number":"0"},"footnotes":""},"categories":[1],"tags":[],"class_list":["post-2532","post","type-post","status-publish","format-standard","has-post-thumbnail","hentry","category-genel"],"_links":{"self":[{"href":"http:\/\/belediyeis.org.tr\/merkez\/wp-json\/wp\/v2\/posts\/2532","targetHints":{"allow":["GET"]}}],"collection":[{"href":"http:\/\/belediyeis.org.tr\/merkez\/wp-json\/wp\/v2\/posts"}],"about":[{"href":"http:\/\/belediyeis.org.tr\/merkez\/wp-json\/wp\/v2\/types\/post"}],"author":[{"embeddable":true,"href":"http:\/\/belediyeis.org.tr\/merkez\/wp-json\/wp\/v2\/users\/3"}],"replies":[{"embeddable":true,"href":"http:\/\/belediyeis.org.tr\/merkez\/wp-json\/wp\/v2\/comments?post=2532"}],"version-history":[{"count":1,"href":"http:\/\/belediyeis.org.tr\/merkez\/wp-json\/wp\/v2\/posts\/2532\/revisions"}],"predecessor-version":[{"id":2533,"href":"http:\/\/belediyeis.org.tr\/merkez\/wp-json\/wp\/v2\/posts\/2532\/revisions\/2533"}],"wp:featuredmedia":[{"embeddable":true,"href":"http:\/\/belediyeis.org.tr\/merkez\/wp-json\/wp\/v2\/media\/1741"}],"wp:attachment":[{"href":"http:\/\/belediyeis.org.tr\/merkez\/wp-json\/wp\/v2\/media?parent=2532"}],"wp:term":[{"taxonomy":"category","embeddable":true,"href":"http:\/\/belediyeis.org.tr\/merkez\/wp-json\/wp\/v2\/categories?post=2532"},{"taxonomy":"post_tag","embeddable":true,"href":"http:\/\/belediyeis.org.tr\/merkez\/wp-json\/wp\/v2\/tags?post=2532"}],"curies":[{"name":"wp","href":"https:\/\/api.w.org\/{rel}","templated":true}]}}