{"id":2520,"date":"2020-05-23T16:42:22","date_gmt":"2020-05-23T13:42:22","guid":{"rendered":"http:\/\/belediyeis.org.tr\/merkez\/?p=2520"},"modified":"2022-03-22T16:44:22","modified_gmt":"2022-03-22T13:44:22","slug":"ramazan-bayraminiz-kutlu-olsun-2","status":"publish","type":"post","link":"http:\/\/belediyeis.org.tr\/merkez\/2020\/05\/23\/ramazan-bayraminiz-kutlu-olsun-2\/","title":{"rendered":"Ramazan Bayram\u0131n\u0131z Kutlu Olsun"},"content":{"rendered":"<p style=\"text-align: justify;\">Salg\u0131n hastal\u0131klar\u0131n, sava\u015flar\u0131n, k\u00f6t\u00fcl\u00fcklerin olmad\u0131\u011f\u0131; bar\u0131\u015f\u0131n, \u00f6zg\u00fcrl\u00fcklerin, hukukun, adaletin ve demokrasinin h\u00fck\u00fcm s\u00fcrd\u00fc\u011f\u00fc bir T\u00fcrkiye ve d\u00fcnya dile\u011fiyle Ramazan Bayram\u0131n\u0131z\u0131 kutlar; sa\u011fl\u0131k ve mutluluklar dileriz.<\/p>\n<p style=\"text-align: justify;\">Belediye-\u0130\u015f Sendikas\u0131 Genel Y\u00f6netim Kurulu<\/p>\n<p style=\"text-align: justify;\">\n","protected":false},"excerpt":{"rendered":"<p>Salg\u0131n hastal\u0131klar\u0131n, sava\u015flar\u0131n, k\u00f6t\u00fcl\u00fcklerin olmad\u0131\u011f\u0131; bar\u0131\u015f\u0131n, \u00f6zg\u00fcrl\u00fcklerin, hukukun, adaletin ve demokrasinin h\u00fck\u00fcm s\u00fcrd\u00fc\u011f\u00fc bir T\u00fcrkiye ve d\u00fcnya dile\u011fiyle Ramazan Bayram\u0131n\u0131z\u0131 kutlar; sa\u011fl\u0131k ve mutluluklar dileriz. Belediye-\u0130\u015f Sendikas\u0131 Genel Y\u00f6netim Kurulu<\/p>\n","protected":false},"author":3,"featured_media":2484,"comment_status":"open","ping_status":"open","sticky":false,"template":"","format":"standard","meta":{"jnews-multi-image_gallery":[],"jnews_single_post":{"source_name":"","source_url":"","via_name":"","via_url":"","override_template":"0","override":[{"template":"1","single_blog_custom":"","parallax":"1","fullscreen":"1","layout":"right-sidebar","sidebar":"default-sidebar","second_sidebar":"default-sidebar","sticky_sidebar":"1","share_position":"top","share_float_style":"share-monocrhome","show_share_counter":"1","show_view_counter":"1","show_featured":"1","show_post_meta":"1","show_post_author":"1","show_post_author_image":"1","show_post_date":"1","post_date_format":"default","post_date_format_custom":"Y\/m\/d","show_post_category":"1","show_post_reading_time":"0","post_reading_time_wpm":"300","show_zoom_button":"0","zoom_button_out_step":"2","zoom_button_in_step":"3","show_post_tag":"1","show_prev_next_post":"1","show_popup_post":"1","number_popup_post":"1","show_author_box":"0","show_post_related":"0","show_inline_post_related":"0"}],"override_image_size":"0","image_override":[{"single_post_thumbnail_size":"crop-500","single_post_gallery_size":"crop-500"}],"trending_post":"0","trending_post_position":"meta","trending_post_label":"Trending","sponsored_post":"0","sponsored_post_label":"Sponsored by","sponsored_post_name":"","sponsored_post_url":"","sponsored_post_logo_enable":"0","sponsored_post_logo":"","sponsored_post_desc":"","disable_ad":"0"},"jnews_primary_category":{"id":""},"jnews_social_meta":{"fb_title":"","fb_description":"","fb_image":"","twitter_title":"","twitter_description":"","twitter_image":""},"jnews_override_counter":{"override_view_counter":"0","view_counter_number":"0","override_share_counter":"0","share_counter_number":"0","override_like_counter":"0","like_counter_number":"0","override_dislike_counter":"0","dislike_counter_number":"0"},"footnotes":""},"categories":[1],"tags":[163],"class_list":["post-2520","post","type-post","status-publish","format-standard","has-post-thumbnail","hentry","category-genel","tag-ramazan-bayrami"],"_links":{"self":[{"href":"http:\/\/belediyeis.org.tr\/merkez\/wp-json\/wp\/v2\/posts\/2520","targetHints":{"allow":["GET"]}}],"collection":[{"href":"http:\/\/belediyeis.org.tr\/merkez\/wp-json\/wp\/v2\/posts"}],"about":[{"href":"http:\/\/belediyeis.org.tr\/merkez\/wp-json\/wp\/v2\/types\/post"}],"author":[{"embeddable":true,"href":"http:\/\/belediyeis.org.tr\/merkez\/wp-json\/wp\/v2\/users\/3"}],"replies":[{"embeddable":true,"href":"http:\/\/belediyeis.org.tr\/merkez\/wp-json\/wp\/v2\/comments?post=2520"}],"version-history":[{"count":1,"href":"http:\/\/belediyeis.org.tr\/merkez\/wp-json\/wp\/v2\/posts\/2520\/revisions"}],"predecessor-version":[{"id":2521,"href":"http:\/\/belediyeis.org.tr\/merkez\/wp-json\/wp\/v2\/posts\/2520\/revisions\/2521"}],"wp:featuredmedia":[{"embeddable":true,"href":"http:\/\/belediyeis.org.tr\/merkez\/wp-json\/wp\/v2\/media\/2484"}],"wp:attachment":[{"href":"http:\/\/belediyeis.org.tr\/merkez\/wp-json\/wp\/v2\/media?parent=2520"}],"wp:term":[{"taxonomy":"category","embeddable":true,"href":"http:\/\/belediyeis.org.tr\/merkez\/wp-json\/wp\/v2\/categories?post=2520"},{"taxonomy":"post_tag","embeddable":true,"href":"http:\/\/belediyeis.org.tr\/merkez\/wp-json\/wp\/v2\/tags?post=2520"}],"curies":[{"name":"wp","href":"https:\/\/api.w.org\/{rel}","templated":true}]}}