{"id":2511,"date":"2020-06-16T16:29:56","date_gmt":"2020-06-16T13:29:56","guid":{"rendered":"http:\/\/belediyeis.org.tr\/merkez\/?p=2511"},"modified":"2022-03-22T16:33:03","modified_gmt":"2022-03-22T13:33:03","slug":"turk-is-baskanlar-kurulu-genel-baskanimiz-nihat-yurdakulun-katilimiyla-toplandi","status":"publish","type":"post","link":"http:\/\/belediyeis.org.tr\/merkez\/2020\/06\/16\/turk-is-baskanlar-kurulu-genel-baskanimiz-nihat-yurdakulun-katilimiyla-toplandi\/","title":{"rendered":"T\u00dcRK-\u0130\u015e Ba\u015fkanlar Kurulu, Genel Ba\u015fkan\u0131m\u0131z Nihat Yurdakul\u2019un kat\u0131l\u0131m\u0131yla topland\u0131"},"content":{"rendered":"<p style=\"text-align: justify;\">Sendikam\u0131z Genel Mali Sekreteri Bayram \u00d6zkan\u2019\u0131n da bulundu\u011fu Ba\u015fkanlar Kurulu toplant\u0131s\u0131n\u0131n g\u00fcndemi k\u0131dem tazminat\u0131yd\u0131. T\u00dcRK-\u0130\u015e ve \u00fcye sendikalar, h\u00fck\u00fcmetin k\u0131dem tazminat\u0131n\u0131n fona aktar\u0131lmas\u0131na y\u00f6nelik yapt\u0131\u011f\u0131 \u00e7al\u0131\u015fmaya tepki g\u00f6sterdi. Toplant\u0131da, T\u00fcrk-\u0130\u015f\u2019in son 3 Genel Kurulu\u2019nda k\u0131dem tazminat\u0131na y\u00f6nelik herhangi bir de\u011fi\u015fikli\u011fin genel grev nedeni say\u0131laca\u011f\u0131 karar\u0131 ve bu konudaki kararl\u0131l\u0131k vurguland\u0131.<\/p>\n<p style=\"text-align: justify;\">Toplant\u0131da bir konu\u015fma yapan Genel Ba\u015fkan Yurdakul, \u201cK\u0131dem tazminat\u0131n\u0131 asla tart\u0131\u015fmay\u0131z. K\u0131dem tazminat\u0131 bizim al\u0131nterimizin kar\u015f\u0131l\u0131\u011f\u0131, kazan\u0131lm\u0131\u015ft\u0131r hakk\u0131m\u0131zd\u0131r\u201d dedi.<\/p>\n<p style=\"text-align: justify;\">Yurdakul, \u201cKaynak yaratmak i\u00e7in k\u0131deme el konulamaz. El koymaya kalkanlar demokratik zeminde bunun kar\u015f\u0131l\u0131\u011f\u0131n\u0131 g\u00f6r\u00fcr. Bu d\u00fczenlemeye emek kesiminden her kim \u2018evet\u2019 diyorsa, s\u0131n\u0131f\u0131na ihanet ediyor demektir. Bu noktada genel grev karar\u0131 olan konfederasyonumuz T\u00fcrk-\u0130\u015f de gerekeni yapacakt\u0131r, emek\u00e7ilerin beklentisi de budur\u201d diye konu\u015ftu.<\/p>\n<p style=\"text-align: justify;\">\n","protected":false},"excerpt":{"rendered":"<p>Sendikam\u0131z Genel Mali Sekreteri Bayram \u00d6zkan\u2019\u0131n da bulundu\u011fu Ba\u015fkanlar Kurulu toplant\u0131s\u0131n\u0131n g\u00fcndemi k\u0131dem tazminat\u0131yd\u0131. T\u00dcRK-\u0130\u015e ve \u00fcye sendikalar, h\u00fck\u00fcmetin k\u0131dem tazminat\u0131n\u0131n fona aktar\u0131lmas\u0131na y\u00f6nelik yapt\u0131\u011f\u0131 \u00e7al\u0131\u015fmaya tepki g\u00f6sterdi. Toplant\u0131da, T\u00fcrk-\u0130\u015f\u2019in son 3 Genel Kurulu\u2019nda k\u0131dem tazminat\u0131na y\u00f6nelik herhangi bir de\u011fi\u015fikli\u011fin genel grev nedeni say\u0131laca\u011f\u0131 karar\u0131 ve bu konudaki kararl\u0131l\u0131k vurguland\u0131. Toplant\u0131da bir konu\u015fma yapan Genel [&hellip;]<\/p>\n","protected":false},"author":3,"featured_media":2512,"comment_status":"open","ping_status":"open","sticky":false,"template":"","format":"standard","meta":{"jnews-multi-image_gallery":[],"jnews_single_post":{"source_name":"","source_url":"","via_name":"","via_url":"","override_template":"0","override":[{"template":"1","single_blog_custom":"","parallax":"1","fullscreen":"1","layout":"right-sidebar","sidebar":"default-sidebar","second_sidebar":"default-sidebar","sticky_sidebar":"1","share_position":"top","share_float_style":"share-monocrhome","show_share_counter":"1","show_view_counter":"1","show_featured":"1","show_post_meta":"1","show_post_author":"1","show_post_author_image":"1","show_post_date":"1","post_date_format":"default","post_date_format_custom":"Y\/m\/d","show_post_category":"1","show_post_reading_time":"0","post_reading_time_wpm":"300","show_zoom_button":"0","zoom_button_out_step":"2","zoom_button_in_step":"3","show_post_tag":"1","show_prev_next_post":"1","show_popup_post":"1","number_popup_post":"1","show_author_box":"0","show_post_related":"0","show_inline_post_related":"0"}],"override_image_size":"0","image_override":[{"single_post_thumbnail_size":"crop-500","single_post_gallery_size":"crop-500"}],"trending_post":"0","trending_post_position":"meta","trending_post_label":"Trending","sponsored_post":"0","sponsored_post_label":"Sponsored by","sponsored_post_name":"","sponsored_post_url":"","sponsored_post_logo_enable":"0","sponsored_post_logo":"","sponsored_post_desc":"","disable_ad":"0"},"jnews_primary_category":{"id":""},"jnews_social_meta":{"fb_title":"","fb_description":"","fb_image":"","twitter_title":"","twitter_description":"","twitter_image":""},"jnews_override_counter":{"override_view_counter":"0","view_counter_number":"0","override_share_counter":"0","share_counter_number":"0","override_like_counter":"0","like_counter_number":"0","override_dislike_counter":"0","dislike_counter_number":"0"},"footnotes":""},"categories":[1],"tags":[109,190,186],"class_list":["post-2511","post","type-post","status-publish","format-standard","has-post-thumbnail","hentry","category-genel","tag-baskanlar-kurulu","tag-nihat-yurdakul","tag-turk-is"],"_links":{"self":[{"href":"http:\/\/belediyeis.org.tr\/merkez\/wp-json\/wp\/v2\/posts\/2511","targetHints":{"allow":["GET"]}}],"collection":[{"href":"http:\/\/belediyeis.org.tr\/merkez\/wp-json\/wp\/v2\/posts"}],"about":[{"href":"http:\/\/belediyeis.org.tr\/merkez\/wp-json\/wp\/v2\/types\/post"}],"author":[{"embeddable":true,"href":"http:\/\/belediyeis.org.tr\/merkez\/wp-json\/wp\/v2\/users\/3"}],"replies":[{"embeddable":true,"href":"http:\/\/belediyeis.org.tr\/merkez\/wp-json\/wp\/v2\/comments?post=2511"}],"version-history":[{"count":1,"href":"http:\/\/belediyeis.org.tr\/merkez\/wp-json\/wp\/v2\/posts\/2511\/revisions"}],"predecessor-version":[{"id":2513,"href":"http:\/\/belediyeis.org.tr\/merkez\/wp-json\/wp\/v2\/posts\/2511\/revisions\/2513"}],"wp:featuredmedia":[{"embeddable":true,"href":"http:\/\/belediyeis.org.tr\/merkez\/wp-json\/wp\/v2\/media\/2512"}],"wp:attachment":[{"href":"http:\/\/belediyeis.org.tr\/merkez\/wp-json\/wp\/v2\/media?parent=2511"}],"wp:term":[{"taxonomy":"category","embeddable":true,"href":"http:\/\/belediyeis.org.tr\/merkez\/wp-json\/wp\/v2\/categories?post=2511"},{"taxonomy":"post_tag","embeddable":true,"href":"http:\/\/belediyeis.org.tr\/merkez\/wp-json\/wp\/v2\/tags?post=2511"}],"curies":[{"name":"wp","href":"https:\/\/api.w.org\/{rel}","templated":true}]}}