{"id":2503,"date":"2022-03-18T17:54:15","date_gmt":"2022-03-18T14:54:15","guid":{"rendered":"http:\/\/belediyeis.org.tr\/merkez\/?p=2503"},"modified":"2022-03-18T17:54:15","modified_gmt":"2022-03-18T14:54:15","slug":"hatay-buyuksehir-belediye-baskani-lutfu-savasin-aciklamalari-sorumlu-bir-yoneticinin-gorevi-geregidir","status":"publish","type":"post","link":"http:\/\/belediyeis.org.tr\/merkez\/2022\/03\/18\/hatay-buyuksehir-belediye-baskani-lutfu-savasin-aciklamalari-sorumlu-bir-yoneticinin-gorevi-geregidir\/","title":{"rendered":"Hatay B\u00fcy\u00fck\u015fehir Belediye Ba\u015fkan\u0131 L\u00fctf\u00fc Sava\u015f\u2019\u0131n A\u00e7\u0131klamalar\u0131 Sorumlu Bir Y\u00f6neticinin G\u00f6revi Gere\u011fidir"},"content":{"rendered":"<p style=\"text-align: justify;\">Ge\u00e7ti\u011fimiz g\u00fcnlerde iktidar\u0131n, yanl\u0131\u015f Suriye politikas\u0131n\u0131n sonu\u00e7lar\u0131na dikkat \u00e7eken Hatay B\u00fcy\u00fck\u015fehir Belediye Ba\u015fkan\u0131 L\u00fctf\u00fc Sava\u015f, uygulanan politikalar sonucu <strong>\u201cHatay&#8217;\u0131n demografik yap\u0131s\u0131n\u0131n t\u00fcm\u00fcyle de\u011fi\u015fti\u011fini, e\u011fer \u00f6nlem al\u0131nmazsa daha b\u00fcy\u00fck sorunlara yol a\u00e7aca\u011f\u0131n\u0131\u201d<\/strong> belirterek, kamuoyunu bilgilendirmi\u015f; sendikam\u0131z\u0131n \u00f6rg\u00fctl\u00fc oldu\u011fu, \u00fcyelerimizin ya\u015fad\u0131\u011f\u0131 ve hizmet verdi\u011fi bir kentteki can yak\u0131c\u0131 soruna dikkat \u00e7ekmi\u015ftir.<\/p>\n<p style=\"text-align: justify;\">Halk\u0131n oylar\u0131yla se\u00e7ilmi\u015f bir yerel y\u00f6neticinin Hatay\u2019da ya\u015fanan ve ileride t\u00fcm \u00fclkemizi ilgilendiren bir konuda, \u00fclkeyi y\u00f6netenleri uyarmas\u0131 her \u015feyden \u00f6nce d\u00fc\u015f\u00fcnce ve ifade \u00f6zg\u00fcrl\u00fc\u011f\u00fc oldu\u011fu gibi, sorumlu bir y\u00f6neticinin g\u00f6revi gere\u011fi yapmas\u0131 gerekendir.<\/p>\n<p style=\"text-align: justify;\">Y\u0131llard\u0131r T\u00fcrkiye&#8217;nin se\u00e7ilmi\u015f y\u00f6neticilerinin uygulad\u0131\u011f\u0131 yanl\u0131\u015f politikalar\u0131n, ekonomik, siyasi bedeli halk\u0131m\u0131z\u0131n s\u0131rt\u0131ndad\u0131r.<\/p>\n<p style=\"text-align: justify;\">Herkesin bildi\u011fi bu sorunu dile getiren Say\u0131n L\u00fctf\u00fc Sava\u015f\u2019\u0131,\u00a0 soru\u015fturmalarla susturmaya \u00e7al\u0131\u015fmak,\u00a0 \u0131rk\u00e7\u0131l\u0131kla, fa\u015fistlikle su\u00e7lamak, olsa olsa su\u00e7luluk tela\u015f\u0131yla uygulanan yanl\u0131\u015f politikalar\u0131n sonu\u00e7lar\u0131n\u0131 \u00f6rtme \u00e7abas\u0131d\u0131r.<\/p>\n<p style=\"text-align: justify;\">\u00dclkemizde ya\u015fayan her vatanda\u015f, Say\u0131n Sava\u015f\u2019\u0131n dile getirdi\u011fi sorunlar\u0131n, <strong>Gaziantep, \u015eanl\u0131urfa ve Kilis ba\u015fta olmak \u00fczere \u00fclkemizin bir \u00e7ok kentinde ya\u015fand\u0131\u011f\u0131n\u0131 bilmektedir.<\/strong><\/p>\n<p style=\"text-align: justify;\"><strong>Politika, sorunlar\u0131 \u00e7\u00f6zmek i\u00e7in yap\u0131l\u0131r.<\/strong><\/p>\n<p style=\"text-align: justify;\"><strong>Ya\u015fanan ger\u00e7eklikler, nutuklarla, soru\u015fturmalarla, hamasetle, ge\u00e7i\u015ftirilemez.<\/strong><\/p>\n<p style=\"text-align: justify;\"><strong>Sayg\u0131lar\u0131m\u0131zla. <\/strong><\/p>\n<p style=\"text-align: justify;\"><strong>Belediye-\u0130\u015f Sendikas\u0131 <\/strong><\/p>\n<p style=\"text-align: justify;\"><strong>18.03.2022<\/strong><\/p>\n","protected":false},"excerpt":{"rendered":"<p>Ge\u00e7ti\u011fimiz g\u00fcnlerde iktidar\u0131n, yanl\u0131\u015f Suriye politikas\u0131n\u0131n sonu\u00e7lar\u0131na dikkat \u00e7eken Hatay B\u00fcy\u00fck\u015fehir Belediye Ba\u015fkan\u0131 L\u00fctf\u00fc Sava\u015f, uygulanan politikalar sonucu \u201cHatay&#8217;\u0131n demografik yap\u0131s\u0131n\u0131n t\u00fcm\u00fcyle de\u011fi\u015fti\u011fini, e\u011fer \u00f6nlem al\u0131nmazsa daha b\u00fcy\u00fck sorunlara yol a\u00e7aca\u011f\u0131n\u0131\u201d belirterek, kamuoyunu bilgilendirmi\u015f; sendikam\u0131z\u0131n \u00f6rg\u00fctl\u00fc oldu\u011fu, \u00fcyelerimizin ya\u015fad\u0131\u011f\u0131 ve hizmet verdi\u011fi bir kentteki can yak\u0131c\u0131 soruna dikkat \u00e7ekmi\u015ftir. Halk\u0131n oylar\u0131yla se\u00e7ilmi\u015f bir yerel y\u00f6neticinin [&hellip;]<\/p>\n","protected":false},"author":3,"featured_media":2504,"comment_status":"open","ping_status":"open","sticky":false,"template":"","format":"standard","meta":{"jnews-multi-image_gallery":[],"jnews_single_post":{"source_name":"","source_url":"","via_name":"","via_url":"","override_template":"0","override":[{"template":"1","single_blog_custom":"","parallax":"1","fullscreen":"1","layout":"right-sidebar","sidebar":"default-sidebar","second_sidebar":"default-sidebar","sticky_sidebar":"1","share_position":"top","share_float_style":"share-monocrhome","show_share_counter":"1","show_view_counter":"1","show_featured":"1","show_post_meta":"1","show_post_author":"1","show_post_author_image":"1","show_post_date":"1","post_date_format":"default","post_date_format_custom":"Y\/m\/d","show_post_category":"1","show_post_reading_time":"0","post_reading_time_wpm":"300","show_zoom_button":"0","zoom_button_out_step":"2","zoom_button_in_step":"3","show_post_tag":"1","show_prev_next_post":"1","show_popup_post":"1","number_popup_post":"1","show_author_box":"0","show_post_related":"0","show_inline_post_related":"0"}],"override_image_size":"0","image_override":[{"single_post_thumbnail_size":"crop-500","single_post_gallery_size":"crop-500"}],"trending_post":"0","trending_post_position":"meta","trending_post_label":"Trending","sponsored_post":"0","sponsored_post_label":"Sponsored by","sponsored_post_name":"","sponsored_post_url":"","sponsored_post_logo_enable":"0","sponsored_post_logo":"","sponsored_post_desc":"","disable_ad":"0"},"jnews_primary_category":{"id":""},"jnews_social_meta":{"fb_title":"","fb_description":"","fb_image":"","twitter_title":"","twitter_description":"","twitter_image":""},"jnews_override_counter":{"override_view_counter":"0","view_counter_number":"0","override_share_counter":"0","share_counter_number":"0","override_like_counter":"0","like_counter_number":"0","override_dislike_counter":"0","dislike_counter_number":"0"},"footnotes":""},"categories":[1],"tags":[204,205],"class_list":["post-2503","post","type-post","status-publish","format-standard","has-post-thumbnail","hentry","category-genel","tag-hatay-buyuksehir-belediyesi","tag-lutfu-savas"],"_links":{"self":[{"href":"http:\/\/belediyeis.org.tr\/merkez\/wp-json\/wp\/v2\/posts\/2503","targetHints":{"allow":["GET"]}}],"collection":[{"href":"http:\/\/belediyeis.org.tr\/merkez\/wp-json\/wp\/v2\/posts"}],"about":[{"href":"http:\/\/belediyeis.org.tr\/merkez\/wp-json\/wp\/v2\/types\/post"}],"author":[{"embeddable":true,"href":"http:\/\/belediyeis.org.tr\/merkez\/wp-json\/wp\/v2\/users\/3"}],"replies":[{"embeddable":true,"href":"http:\/\/belediyeis.org.tr\/merkez\/wp-json\/wp\/v2\/comments?post=2503"}],"version-history":[{"count":1,"href":"http:\/\/belediyeis.org.tr\/merkez\/wp-json\/wp\/v2\/posts\/2503\/revisions"}],"predecessor-version":[{"id":2505,"href":"http:\/\/belediyeis.org.tr\/merkez\/wp-json\/wp\/v2\/posts\/2503\/revisions\/2505"}],"wp:featuredmedia":[{"embeddable":true,"href":"http:\/\/belediyeis.org.tr\/merkez\/wp-json\/wp\/v2\/media\/2504"}],"wp:attachment":[{"href":"http:\/\/belediyeis.org.tr\/merkez\/wp-json\/wp\/v2\/media?parent=2503"}],"wp:term":[{"taxonomy":"category","embeddable":true,"href":"http:\/\/belediyeis.org.tr\/merkez\/wp-json\/wp\/v2\/categories?post=2503"},{"taxonomy":"post_tag","embeddable":true,"href":"http:\/\/belediyeis.org.tr\/merkez\/wp-json\/wp\/v2\/tags?post=2503"}],"curies":[{"name":"wp","href":"https:\/\/api.w.org\/{rel}","templated":true}]}}