{"id":2475,"date":"2020-07-21T16:37:38","date_gmt":"2020-07-21T13:37:38","guid":{"rendered":"http:\/\/belediyeis.org.tr\/merkez\/?p=2475"},"modified":"2022-03-17T16:39:42","modified_gmt":"2022-03-17T13:39:42","slug":"belediye-is-istanbul-2-nolu-sube-baskan-yardimcimiz-savas-dogana-silahli-saldiri","status":"publish","type":"post","link":"http:\/\/belediyeis.org.tr\/merkez\/2020\/07\/21\/belediye-is-istanbul-2-nolu-sube-baskan-yardimcimiz-savas-dogana-silahli-saldiri\/","title":{"rendered":"Belediye-\u0130\u015f \u0130stanbul 2 Nolu \u015eube Ba\u015fkan Yard\u0131mc\u0131m\u0131z Sava\u015f DO\u011eAN\u2019a silahl\u0131 sald\u0131r\u0131&#8230;"},"content":{"rendered":"<p style=\"text-align: justify;\">D\u0130SK\/Genel-\u0130\u015f\u2019in besledi\u011fi, cesaretlendirdi\u011fi \u015fehir e\u015fk\u0131yalar\u0131 Belediye-\u0130\u015f \u0130stanbul 2 Nolu \u015eube Ba\u015fkan Yard\u0131mc\u0131m\u0131z Sava\u015f DO\u011eAN\u2019a silahl\u0131 sald\u0131r\u0131da bulundu.<\/p>\n<p style=\"text-align: justify;\">Bu al\u00e7ak sald\u0131r\u0131n\u0131n sorumlular\u0131 sadece teti\u011fi \u00e7ekenler de\u011fil, bu e\u015fk\u0131yalar\u0131 besleyenler, suskunluklar\u0131 ile onlar\u0131 te\u015fvik edenlerdir\u2026<\/p>\n<p style=\"text-align: justify;\">Sendikac\u0131l\u0131k tehditle bask\u0131yla yap\u0131lmaz\u2026<\/p>\n<p style=\"text-align: justify;\">D\u0130SK\/Genel-\u0130\u015f\u2019in yanda\u015f deste\u011fiyle, i\u015f\u00e7ileri bask\u0131 ve tehditle sindirerek \u00fcye kaydetme al\u0131\u015fkanl\u0131\u011f\u0131n\u0131, \u0130stanbul\u2019da \u015fehir e\u015fk\u0131yas\u0131 beslemeye, kalle\u015f\u00e7e pusu kurmaya d\u00f6n\u00fc\u015ft\u00fcrd\u00fc.<\/p>\n<p style=\"text-align: justify;\">Sendikam\u0131z 30 y\u0131l\u0131 a\u015fk\u0131nd\u0131r s\u00fcredir Avc\u0131lar Belediyesi\u2019nde \u00f6rg\u00fctl\u00fc ve yetkili sendikad\u0131r. K\u0131sa bir s\u00fcre \u00f6nce de i\u015f\u00e7inin \u00f6zg\u00fcr iradesine ve anayasal sendika se\u00e7me hakk\u0131na sayg\u0131 duyan Say\u0131n Av. Turan Han\u00e7erli ba\u015fkanl\u0131\u011f\u0131ndaki Avc\u0131lar Belediyesi ile 3 y\u0131ll\u0131k bir s\u00f6zle\u015fme imzalam\u0131\u015ft\u0131r.<\/p>\n<p style=\"text-align: justify;\">Sendikal \u00f6rg\u00fctlenme; sendikan\u0131n, toplu s\u00f6zle\u015fmenin olmad\u0131\u011f\u0131 bir i\u015fyerinde i\u015f\u00e7ilerin \u00e7al\u0131\u015fma ve ya\u015fam ko\u015fullar\u0131n\u0131 d\u00fczeltme m\u00fccadelesidir. \u00d6rg\u00fctlenme, \u00f6rg\u00fctl\u00fc bir i\u015fyerine girip oray\u0131 bask\u0131 ve tehditle kar\u0131\u015ft\u0131rmak de\u011fildir.<\/p>\n<p style=\"text-align: justify;\">D\u0130SK\/Genel-\u0130\u015f; sendikal \u00f6rg\u00fctlenmenin oldu\u011fu, 3 y\u0131ll\u0131k s\u00f6zle\u015fme imzalanan i\u015fyerinde bask\u0131yla \u00fcye kaydetmeye \u00e7al\u0131\u015fm\u0131\u015f, ancak buna ra\u011fmen i\u015f\u00e7ilerden ilgi g\u00f6rmemi\u015ftir. \u0130\u015f\u00e7ilerden destek ve ilgi g\u00f6rmeyen D\u0130SK\/Genel-\u0130\u015f bu kez de, besledi\u011fi, cesaretlendirdi\u011fi bir grup \u015fehir e\u015fk\u0131yas\u0131yla kaba kuvvetle, tehditle ve bask\u0131yla \u00fcye yapmaya \u00e7al\u0131\u015fm\u0131\u015ft\u0131r.<\/p>\n<p style=\"text-align: justify;\">18.07.2020\u2019de Avc\u0131lar Belediyesi i\u015fyerinde D\u0130SK\/Genel-\u0130\u015f beslemesi \u015fehir e\u015fk\u0131yas\u0131 Veysel \u00d6ztoprak \u00f6nc\u00fcl\u00fc\u011f\u00fcndeki bir gruba kar\u015f\u0131 duran, Belediye-\u0130\u015f\u2019i savunan ve i\u015f\u00e7ilere bask\u0131 yapmamalar\u0131n\u0131 s\u00f6yleyen Belediye-\u0130\u015f \u0130stanbul 2 Nolu \u015eube Ba\u015fkan Yard\u0131mc\u0131m\u0131z Sava\u015f DO\u011eAN, bu grup taraf\u0131ndan \u00f6l\u00fcmle tehdit edilmi\u015ftir. \u0130stanbul 2 Nolu \u015eube Ba\u015fkan Yard\u0131mc\u0131m\u0131z Sava\u015f DO\u011eAN\u2019a y\u00f6nelik \u00f6l\u00fcm tehditleri Veysel \u00d6ztoprak, babas\u0131, karde\u015fi ve akrabalar\u0131 taraf\u0131ndan telefon mesajlar\u0131yla ve sosyal medya \u00fczerinden devam etmi\u015ftir. \u0130stanbul 2 Nolu \u015eube Ba\u015fkan Yard\u0131mc\u0131m\u0131z Sava\u015f DO\u011eAN \u00f6l\u00fcm tehditleri kar\u015f\u0131s\u0131nda 21.07.2020\u2019de (bug\u00fcn) savc\u0131l\u0131\u011fa su\u00e7 duyurusunda bulunma haz\u0131rl\u0131\u011f\u0131ndayken, d\u00fcn gece (20.07.2020) \u015fehir e\u015fk\u0131yas\u0131 Veysel \u00d6ztoprak ve yan\u0131ndakiler taraf\u0131ndan arabas\u0131ndan inerken 4 el ate\u015f edilerek pusuya d\u00fc\u015f\u00fcr\u00fclerek a\u011f\u0131r yaralanm\u0131\u015ft\u0131r. \u015eube Ba\u015fkan Yard\u0131mc\u0131m\u0131z Sava\u015f DO\u011eAN \u015fu an halen yo\u011fun bak\u0131mdad\u0131r.<\/p>\n<p style=\"text-align: justify;\">Bu hain ve kalle\u015f sald\u0131r\u0131 basit bir, ki\u015filer aras\u0131ndaki s\u00fcrt\u00fc\u015fmenin sonucu de\u011fildir. Bu al\u00e7ak sald\u0131r\u0131 D\u0130SK\/Genel-\u0130\u015f\u2019in besledi\u011fi, cesaretlendirdi\u011fi bir grubun i\u015f\u00e7iden y\u00fcz bulamay\u0131nca tehditle \u00fcye kaydetme \u00e7abas\u0131n\u0131n sonucudur.<\/p>\n<p style=\"text-align: justify;\">Bu ya\u015fananlar; sendikan\u0131n, toplu i\u015f s\u00f6zle\u015fmesinin oldu\u011fu Avc\u0131lar Belediyesinde, zorla bask\u0131yla ve tehditle \u00fcye kaydetmeyi sendikac\u0131l\u0131k zannedenlerin i\u00e7ine d\u00fc\u015ft\u00fckleri \u00e7irkef \u00e7ukurudur.<\/p>\n<p style=\"text-align: justify;\">Bu ya\u015fananlar lafa gelince mangalda k\u00fcl b\u0131rakmayanlar\u0131n, icraatta ger\u00e7ek y\u00fczlerinin ortaya \u00e7\u0131kmas\u0131d\u0131r.<\/p>\n<p style=\"text-align: justify;\">Bu neresinden bak\u0131l\u0131rsa bak\u0131ls\u0131n al\u00e7ak\u00e7ad\u0131r, kalle\u015fcedir.<\/p>\n<p style=\"text-align: justify;\">Bu olay\u0131n sorumlular\u0131 sadece teti\u011fi \u00e7eken \u015fehir e\u015fk\u0131yas\u0131 Veysel \u00d6ztoprak ve onlarla birlikte hareket edenler de\u011fildir. Onlar ma\u015fad\u0131r. Onlar tetik\u00e7idir. Onlar \u00fc\u00e7 kuru\u015fa ortaya s\u00fcr\u00fclen piyonlard\u0131r.<\/p>\n<p style=\"text-align: justify;\">Bu olay\u0131n sorumlular\u0131; 3 y\u0131ll\u0131k s\u00f6zle\u015fmenin oldu\u011fu Avc\u0131lar Belediyesinde, i\u015f\u00e7ileri bask\u0131yla tehditle \u00fcye kaydetmek i\u00e7in ne mal oldu\u011fu belli olan Veysel \u00d6ztoprak ve onun gibileri g\u00f6revlendiren D\u0130SK\/Genel-\u0130\u015f \u015eube y\u00f6netimidir.<\/p>\n<p style=\"text-align: justify;\">Bu olay\u0131n sorumlular\u0131 yanda\u015f deste\u011fiyle yalanla, bask\u0131yla tehditle silahla \u00fcye kaydetmeye g\u00f6z yuman t\u00fcm ilgililerdir.<\/p>\n<p style=\"text-align: justify;\">Bu olay\u0131n sorumlular\u0131 \u201cbizim \u00e7ocuklar\u201d dedikleri, arka \u00e7\u0131kt\u0131klar\u0131 Veysel \u00d6ztoprak gibi \u015fehir e\u015fk\u0131yalar\u0131na g\u00f6z yumanlard\u0131r.<\/p>\n<p style=\"text-align: justify;\">Hi\u00e7 kimse endi\u015fe etmesin. Belediye-\u0130\u015f Sendikas\u0131; \u00fcyelerini, y\u00f6neticilerini ve kendine g\u00fcvenenleri hi\u00e7bir zaman yaln\u0131z b\u0131rakmad\u0131, b\u0131rakmayacak. Belediye-\u0130\u015f; D\u0130SK\/Genel-\u0130\u015f\u2019in besledi\u011fi, cesaretlendirdi\u011fi bu \u015fehir e\u015fk\u0131yalar\u0131n\u0131n, bu ma\u015falar\u0131 tutan ellerin hak etti\u011fi cezay\u0131 yarg\u0131 \u00f6n\u00fcnde almas\u0131 i\u00e7in hukuksal m\u00fccadelesini sonuna kadar s\u00fcrd\u00fcrmekte kararl\u0131d\u0131r.<\/p>\n<p style=\"text-align: justify;\">Sizin e\u015fk\u0131yalar\u0131n\u0131za, sizin silah\u0131n\u0131za, sizin \u015fiddetinize kar\u015f\u0131 d\u00fcn de m\u00fccadele ettik, bug\u00fcn de etmeye devam edece\u011fiz.<\/p>\n<p style=\"text-align: justify;\">Sayg\u0131lar\u0131m\u0131zla.<\/p>\n<p style=\"text-align: justify;\">21.07.2020<\/p>\n<p style=\"text-align: justify;\">Belediye-\u0130\u015f Sendikas\u0131<\/p>\n","protected":false},"excerpt":{"rendered":"<p>D\u0130SK\/Genel-\u0130\u015f\u2019in besledi\u011fi, cesaretlendirdi\u011fi \u015fehir e\u015fk\u0131yalar\u0131 Belediye-\u0130\u015f \u0130stanbul 2 Nolu \u015eube Ba\u015fkan Yard\u0131mc\u0131m\u0131z Sava\u015f DO\u011eAN\u2019a silahl\u0131 sald\u0131r\u0131da bulundu. Bu al\u00e7ak sald\u0131r\u0131n\u0131n sorumlular\u0131 sadece teti\u011fi \u00e7ekenler de\u011fil, bu e\u015fk\u0131yalar\u0131 besleyenler, suskunluklar\u0131 ile onlar\u0131 te\u015fvik edenlerdir\u2026 Sendikac\u0131l\u0131k tehditle bask\u0131yla yap\u0131lmaz\u2026 D\u0130SK\/Genel-\u0130\u015f\u2019in yanda\u015f deste\u011fiyle, i\u015f\u00e7ileri bask\u0131 ve tehditle sindirerek \u00fcye kaydetme al\u0131\u015fkanl\u0131\u011f\u0131n\u0131, \u0130stanbul\u2019da \u015fehir e\u015fk\u0131yas\u0131 beslemeye, kalle\u015f\u00e7e pusu kurmaya [&hellip;]<\/p>\n","protected":false},"author":3,"featured_media":2278,"comment_status":"open","ping_status":"open","sticky":false,"template":"","format":"standard","meta":{"jnews-multi-image_gallery":[],"jnews_single_post":{"source_name":"","source_url":"","via_name":"","via_url":"","override_template":"0","override":[{"template":"1","single_blog_custom":"","parallax":"1","fullscreen":"1","layout":"right-sidebar","sidebar":"default-sidebar","second_sidebar":"default-sidebar","sticky_sidebar":"1","share_position":"top","share_float_style":"share-monocrhome","show_share_counter":"1","show_view_counter":"1","show_featured":"1","show_post_meta":"1","show_post_author":"1","show_post_author_image":"1","show_post_date":"1","post_date_format":"default","post_date_format_custom":"Y\/m\/d","show_post_category":"1","show_post_reading_time":"0","post_reading_time_wpm":"300","show_zoom_button":"0","zoom_button_out_step":"2","zoom_button_in_step":"3","show_post_tag":"1","show_prev_next_post":"1","show_popup_post":"1","number_popup_post":"1","show_author_box":"0","show_post_related":"0","show_inline_post_related":"0"}],"override_image_size":"0","image_override":[{"single_post_thumbnail_size":"crop-500","single_post_gallery_size":"crop-500"}],"trending_post":"0","trending_post_position":"meta","trending_post_label":"Trending","sponsored_post":"0","sponsored_post_label":"Sponsored by","sponsored_post_name":"","sponsored_post_url":"","sponsored_post_logo_enable":"0","sponsored_post_logo":"","sponsored_post_desc":"","disable_ad":"0"},"jnews_primary_category":{"id":""},"jnews_social_meta":{"fb_title":"","fb_description":"","fb_image":"","twitter_title":"","twitter_description":"","twitter_image":""},"jnews_override_counter":{"override_view_counter":"0","view_counter_number":"0","override_share_counter":"0","share_counter_number":"0","override_like_counter":"0","like_counter_number":"0","override_dislike_counter":"0","dislike_counter_number":"0"},"footnotes":""},"categories":[1],"tags":[114,121,201],"class_list":["post-2475","post","type-post","status-publish","format-standard","has-post-thumbnail","hentry","category-genel","tag-istanbul","tag-istanbul-2-nolu-sube","tag-saldiri"],"_links":{"self":[{"href":"http:\/\/belediyeis.org.tr\/merkez\/wp-json\/wp\/v2\/posts\/2475","targetHints":{"allow":["GET"]}}],"collection":[{"href":"http:\/\/belediyeis.org.tr\/merkez\/wp-json\/wp\/v2\/posts"}],"about":[{"href":"http:\/\/belediyeis.org.tr\/merkez\/wp-json\/wp\/v2\/types\/post"}],"author":[{"embeddable":true,"href":"http:\/\/belediyeis.org.tr\/merkez\/wp-json\/wp\/v2\/users\/3"}],"replies":[{"embeddable":true,"href":"http:\/\/belediyeis.org.tr\/merkez\/wp-json\/wp\/v2\/comments?post=2475"}],"version-history":[{"count":1,"href":"http:\/\/belediyeis.org.tr\/merkez\/wp-json\/wp\/v2\/posts\/2475\/revisions"}],"predecessor-version":[{"id":2476,"href":"http:\/\/belediyeis.org.tr\/merkez\/wp-json\/wp\/v2\/posts\/2475\/revisions\/2476"}],"wp:featuredmedia":[{"embeddable":true,"href":"http:\/\/belediyeis.org.tr\/merkez\/wp-json\/wp\/v2\/media\/2278"}],"wp:attachment":[{"href":"http:\/\/belediyeis.org.tr\/merkez\/wp-json\/wp\/v2\/media?parent=2475"}],"wp:term":[{"taxonomy":"category","embeddable":true,"href":"http:\/\/belediyeis.org.tr\/merkez\/wp-json\/wp\/v2\/categories?post=2475"},{"taxonomy":"post_tag","embeddable":true,"href":"http:\/\/belediyeis.org.tr\/merkez\/wp-json\/wp\/v2\/tags?post=2475"}],"curies":[{"name":"wp","href":"https:\/\/api.w.org\/{rel}","templated":true}]}}