{"id":2472,"date":"2020-07-22T16:34:12","date_gmt":"2020-07-22T13:34:12","guid":{"rendered":"http:\/\/belediyeis.org.tr\/merkez\/?p=2472"},"modified":"2022-03-17T16:36:31","modified_gmt":"2022-03-17T13:36:31","slug":"genel-baskanimiz-nihat-yurdakul-silahli-saldiriya-ugrayan-istanbul-2-nolu-sube-baskan-yardimcisi-savas-dogani-hastanede-ziyaret-etti","status":"publish","type":"post","link":"http:\/\/belediyeis.org.tr\/merkez\/2020\/07\/22\/genel-baskanimiz-nihat-yurdakul-silahli-saldiriya-ugrayan-istanbul-2-nolu-sube-baskan-yardimcisi-savas-dogani-hastanede-ziyaret-etti\/","title":{"rendered":"Genel Ba\u015fkan\u0131m\u0131z Nihat Yurdakul silahl\u0131 sald\u0131r\u0131ya u\u011frayan \u0130stanbul 2 Nolu \u015eube Ba\u015fkan Yard\u0131mc\u0131s\u0131 Sava\u015f Do\u011fan\u0131 hastanede ziyaret etti"},"content":{"rendered":"<p style=\"text-align: justify;\">Genel Ba\u015fkan\u0131m\u0131z Nihat Yurdakul, ge\u00e7ti\u011fimiz gece silahl\u0131 sald\u0131r\u0131ya u\u011frayan \u0130stanbul 2 Nolu \u015eube Ba\u015fkan Yard\u0131mc\u0131s\u0131 Sava\u015f Do\u011fan&#8217;\u0131 tedavi g\u00f6rd\u00fc\u011f\u00fc hastanede ziyaret etti.<\/p>\n<p style=\"text-align: justify;\">Ge\u00e7ti\u011fimiz gece; kendilerine sendikac\u0131 diyen bir grup \u015fehir e\u015fkiyas\u0131 taraf\u0131ndan pusuya d\u00fc\u015f\u00fcr\u00fclerek silahl\u0131 sald\u0131r\u0131ya u\u011frayan sendikam\u0131z \u0130stanbul 2 Nolu \u015eube Ba\u015fkan Yard\u0131mc\u0131s\u0131 Sava\u015f Do\u011fan, yo\u011fun bak\u0131mdaki tedavisinin ard\u0131ndan normal servise al\u0131nd\u0131.<\/p>\n<p style=\"text-align: justify;\">Genel Ba\u015fkan\u0131m\u0131z Nihat Yurdakul, Sava\u015f Do\u011fan&#8217;\u0131 tedavi g\u00f6rd\u00fc\u011f\u00fc hastanede ziyaret ederek Do\u011fan&#8217;a ve ailesine ge\u00e7mi\u015f olsun dileklerini iletti.<\/p>\n<p style=\"text-align: justify;\">Sendikam\u0131z Genel Merkez y\u00f6neticilerinin; sald\u0131r\u0131n\u0131n ya\u015fand\u0131\u011f\u0131 ilk andan itibaren burada olduklar\u0131n\u0131 belirten Genel Ba\u015fkan\u0131m\u0131z; bu al\u00e7ak sald\u0131r\u0131y\u0131 nefretle k\u0131nad\u0131\u011f\u0131n\u0131 belirterek; sendikac\u0131l\u0131\u011f\u0131n zorbal\u0131kla, tehditle, bask\u0131yla yap\u0131lamayaca\u011f\u0131n\u0131; sendikac\u0131l\u0131\u011f\u0131n bir y\u00fcrek i\u015fi oldu\u011funu; emek i\u00e7in, emek\u00e7ilerin ve onlar\u0131n \u00e7ocuklar\u0131n\u0131n gelece\u011fi i\u00e7in m\u00fccadele ederek yap\u0131labilece\u011finin alt\u0131n\u0131 \u00e7izdi.<\/p>\n<p style=\"text-align: justify;\">Yurdakul, emek\u00e7ilerin her \u015feyin fark\u0131nda oldu\u011funu ve ne Avc\u0131lar&#8217;da ne de \u00fclkemizin ba\u015fka bir yerinde bu zorbalara ge\u00e7it vermeyeceklerini s\u00f6zlerine ekledi.<\/p>\n<p style=\"text-align: justify;\">Ziyarette, sendikam\u0131z Genel Mali Sekreteri Bayram \u00d6zkan, T\u0130S Genel Sekreteri G\u00fcney Demirda\u015f, Genel Denetleme Kurulu Ba\u015fkan\u0131 Ali Haydar \u00d6zcan, \u00d6rg\u00fctlenme Daire Ba\u015fkan\u0131 Murat Yurdakul, \u0130stanbul 2 Nolu \u015eube Ba\u015fkan\u0131 Erol \u00d6zdemir ile Ordu \u015eube Ba\u015fkan\u0131 Kadir Altun da bulundular.<\/p>\n","protected":false},"excerpt":{"rendered":"<p>Genel Ba\u015fkan\u0131m\u0131z Nihat Yurdakul, ge\u00e7ti\u011fimiz gece silahl\u0131 sald\u0131r\u0131ya u\u011frayan \u0130stanbul 2 Nolu \u015eube Ba\u015fkan Yard\u0131mc\u0131s\u0131 Sava\u015f Do\u011fan&#8217;\u0131 tedavi g\u00f6rd\u00fc\u011f\u00fc hastanede ziyaret etti. Ge\u00e7ti\u011fimiz gece; kendilerine sendikac\u0131 diyen bir grup \u015fehir e\u015fkiyas\u0131 taraf\u0131ndan pusuya d\u00fc\u015f\u00fcr\u00fclerek silahl\u0131 sald\u0131r\u0131ya u\u011frayan sendikam\u0131z \u0130stanbul 2 Nolu \u015eube Ba\u015fkan Yard\u0131mc\u0131s\u0131 Sava\u015f Do\u011fan, yo\u011fun bak\u0131mdaki tedavisinin ard\u0131ndan normal servise al\u0131nd\u0131. Genel Ba\u015fkan\u0131m\u0131z [&hellip;]<\/p>\n","protected":false},"author":3,"featured_media":2473,"comment_status":"open","ping_status":"open","sticky":false,"template":"","format":"standard","meta":{"jnews-multi-image_gallery":[],"jnews_single_post":{"source_name":"","source_url":"","via_name":"","via_url":"","override_template":"0","override":[{"template":"1","single_blog_custom":"","parallax":"1","fullscreen":"1","layout":"right-sidebar","sidebar":"default-sidebar","second_sidebar":"default-sidebar","sticky_sidebar":"1","share_position":"top","share_float_style":"share-monocrhome","show_share_counter":"1","show_view_counter":"1","show_featured":"1","show_post_meta":"1","show_post_author":"1","show_post_author_image":"1","show_post_date":"1","post_date_format":"default","post_date_format_custom":"Y\/m\/d","show_post_category":"1","show_post_reading_time":"0","post_reading_time_wpm":"300","show_zoom_button":"0","zoom_button_out_step":"2","zoom_button_in_step":"3","show_post_tag":"1","show_prev_next_post":"1","show_popup_post":"1","number_popup_post":"1","show_author_box":"0","show_post_related":"0","show_inline_post_related":"0"}],"override_image_size":"0","image_override":[{"single_post_thumbnail_size":"crop-500","single_post_gallery_size":"crop-500"}],"trending_post":"0","trending_post_position":"meta","trending_post_label":"Trending","sponsored_post":"0","sponsored_post_label":"Sponsored by","sponsored_post_name":"","sponsored_post_url":"","sponsored_post_logo_enable":"0","sponsored_post_logo":"","sponsored_post_desc":"","disable_ad":"0"},"jnews_primary_category":{"id":""},"jnews_social_meta":{"fb_title":"","fb_description":"","fb_image":"","twitter_title":"","twitter_description":"","twitter_image":""},"jnews_override_counter":{"override_view_counter":"0","view_counter_number":"0","override_share_counter":"0","share_counter_number":"0","override_like_counter":"0","like_counter_number":"0","override_dislike_counter":"0","dislike_counter_number":"0"},"footnotes":""},"categories":[1],"tags":[114,121,201],"class_list":["post-2472","post","type-post","status-publish","format-standard","has-post-thumbnail","hentry","category-genel","tag-istanbul","tag-istanbul-2-nolu-sube","tag-saldiri"],"_links":{"self":[{"href":"http:\/\/belediyeis.org.tr\/merkez\/wp-json\/wp\/v2\/posts\/2472","targetHints":{"allow":["GET"]}}],"collection":[{"href":"http:\/\/belediyeis.org.tr\/merkez\/wp-json\/wp\/v2\/posts"}],"about":[{"href":"http:\/\/belediyeis.org.tr\/merkez\/wp-json\/wp\/v2\/types\/post"}],"author":[{"embeddable":true,"href":"http:\/\/belediyeis.org.tr\/merkez\/wp-json\/wp\/v2\/users\/3"}],"replies":[{"embeddable":true,"href":"http:\/\/belediyeis.org.tr\/merkez\/wp-json\/wp\/v2\/comments?post=2472"}],"version-history":[{"count":1,"href":"http:\/\/belediyeis.org.tr\/merkez\/wp-json\/wp\/v2\/posts\/2472\/revisions"}],"predecessor-version":[{"id":2474,"href":"http:\/\/belediyeis.org.tr\/merkez\/wp-json\/wp\/v2\/posts\/2472\/revisions\/2474"}],"wp:featuredmedia":[{"embeddable":true,"href":"http:\/\/belediyeis.org.tr\/merkez\/wp-json\/wp\/v2\/media\/2473"}],"wp:attachment":[{"href":"http:\/\/belediyeis.org.tr\/merkez\/wp-json\/wp\/v2\/media?parent=2472"}],"wp:term":[{"taxonomy":"category","embeddable":true,"href":"http:\/\/belediyeis.org.tr\/merkez\/wp-json\/wp\/v2\/categories?post=2472"},{"taxonomy":"post_tag","embeddable":true,"href":"http:\/\/belediyeis.org.tr\/merkez\/wp-json\/wp\/v2\/tags?post=2472"}],"curies":[{"name":"wp","href":"https:\/\/api.w.org\/{rel}","templated":true}]}}