{"id":2453,"date":"2020-08-30T15:32:16","date_gmt":"2020-08-30T12:32:16","guid":{"rendered":"http:\/\/belediyeis.org.tr\/merkez\/?p=2453"},"modified":"2022-03-17T15:34:33","modified_gmt":"2022-03-17T12:34:33","slug":"30-agustos-zafer-bayramimiz-kutlu-olsun","status":"publish","type":"post","link":"http:\/\/belediyeis.org.tr\/merkez\/2020\/08\/30\/30-agustos-zafer-bayramimiz-kutlu-olsun\/","title":{"rendered":"30 A\u011fustos Zafer Bayram\u0131m\u0131z Kutlu Olsun"},"content":{"rendered":"<p style=\"text-align: justify;\">Ba\u015fkomutan Mustafa Kemal Atat\u00fcrk \u00f6nderli\u011finde; emperyalistler ve i\u015fgalci g\u00fc\u00e7lerin \u00fclkemizin topraklar\u0131ndan defedilip son darbenin indirildi\u011fi; demokratik, \u00e7a\u011fda\u015f, laik T\u00fcrkiye Cumhuriyeti\u2019nin ilk harc\u0131n\u0131n at\u0131ld\u0131\u011f\u0131 30 A\u011fustos 1922\u2019nin \u00fczerinden 98 y\u0131l ge\u00e7ti.<\/p>\n<p style=\"text-align: justify;\">30 A\u011fustos, kendi topraklar\u0131nda k\u00f6le gibi ya\u015famay\u0131 reddeden, \u00fclkesini seven ve tam ba\u011f\u0131ms\u0131zl\u0131k, \u00f6zg\u00fcrl\u00fck tutkusuyla dolu milletimizin verdi\u011fi m\u00fccadelenin ta\u00e7lanm\u0131\u015f halidir.<\/p>\n<p style=\"text-align: justify;\">Pandemi bahanesiyle 30 A\u011fustos co\u015fkusunu k\u0131s\u0131tlamaya \u00e7al\u0131\u015fanlara inat, bu y\u0131l da her y\u0131l oldu\u011fu gibi gerekli \u00f6nlemleri alarak bulundu\u011fumuz her noktada bu \u015fanl\u0131 zaferin y\u0131ld\u00f6n\u00fcm\u00fcn\u00fc kutlayaca\u011f\u0131z.<\/p>\n<p style=\"text-align: justify;\">Her zaman de\u011ferini \u00e7ok iyi bildi\u011fimiz laik, demokratik Cumhuriyetimize sahip \u00e7\u0131kma azmi, kararl\u0131l\u0131\u011f\u0131 ve duru\u015fuyla; 30 A\u011fustos Zafer Bayram\u0131n\u0131z\u0131 kutlar, ba\u015fta Ba\u015fkomutan Mustafa Kemal Atat\u00fcrk olmak \u00fczere t\u00fcm milli m\u00fccadele kahramanlar\u0131m\u0131z\u0131 sayg\u0131 ve minnetle an\u0131yoruz.<\/p>\n<p style=\"text-align: justify;\"><strong>Belediye-\u0130\u015f Sendikas\u0131<\/strong><\/p>\n<p style=\"text-align: justify;\">\n","protected":false},"excerpt":{"rendered":"<p>Ba\u015fkomutan Mustafa Kemal Atat\u00fcrk \u00f6nderli\u011finde; emperyalistler ve i\u015fgalci g\u00fc\u00e7lerin \u00fclkemizin topraklar\u0131ndan defedilip son darbenin indirildi\u011fi; demokratik, \u00e7a\u011fda\u015f, laik T\u00fcrkiye Cumhuriyeti\u2019nin ilk harc\u0131n\u0131n at\u0131ld\u0131\u011f\u0131 30 A\u011fustos 1922\u2019nin \u00fczerinden 98 y\u0131l ge\u00e7ti. 30 A\u011fustos, kendi topraklar\u0131nda k\u00f6le gibi ya\u015famay\u0131 reddeden, \u00fclkesini seven ve tam ba\u011f\u0131ms\u0131zl\u0131k, \u00f6zg\u00fcrl\u00fck tutkusuyla dolu milletimizin verdi\u011fi m\u00fccadelenin ta\u00e7lanm\u0131\u015f halidir. Pandemi bahanesiyle 30 A\u011fustos [&hellip;]<\/p>\n","protected":false},"author":3,"featured_media":2454,"comment_status":"open","ping_status":"open","sticky":false,"template":"","format":"standard","meta":{"jnews-multi-image_gallery":[],"jnews_single_post":{"source_name":"","source_url":"","via_name":"","via_url":"","override_template":"0","override":[{"template":"1","single_blog_custom":"","parallax":"1","fullscreen":"1","layout":"right-sidebar","sidebar":"default-sidebar","second_sidebar":"default-sidebar","sticky_sidebar":"1","share_position":"top","share_float_style":"share-monocrhome","show_share_counter":"1","show_view_counter":"1","show_featured":"1","show_post_meta":"1","show_post_author":"1","show_post_author_image":"1","show_post_date":"1","post_date_format":"default","post_date_format_custom":"Y\/m\/d","show_post_category":"1","show_post_reading_time":"0","post_reading_time_wpm":"300","show_zoom_button":"0","zoom_button_out_step":"2","zoom_button_in_step":"3","show_post_tag":"1","show_prev_next_post":"1","show_popup_post":"1","number_popup_post":"1","show_author_box":"0","show_post_related":"0","show_inline_post_related":"0"}],"override_image_size":"0","image_override":[{"single_post_thumbnail_size":"crop-500","single_post_gallery_size":"crop-500"}],"trending_post":"0","trending_post_position":"meta","trending_post_label":"Trending","sponsored_post":"0","sponsored_post_label":"Sponsored by","sponsored_post_name":"","sponsored_post_url":"","sponsored_post_logo_enable":"0","sponsored_post_logo":"","sponsored_post_desc":"","disable_ad":"0"},"jnews_primary_category":{"id":""},"jnews_social_meta":{"fb_title":"","fb_description":"","fb_image":"","twitter_title":"","twitter_description":"","twitter_image":""},"jnews_override_counter":{"override_view_counter":"0","view_counter_number":"0","override_share_counter":"0","share_counter_number":"0","override_like_counter":"0","like_counter_number":"0","override_dislike_counter":"0","dislike_counter_number":"0"},"footnotes":""},"categories":[1],"tags":[145],"class_list":["post-2453","post","type-post","status-publish","format-standard","has-post-thumbnail","hentry","category-genel","tag-30-agustos"],"_links":{"self":[{"href":"http:\/\/belediyeis.org.tr\/merkez\/wp-json\/wp\/v2\/posts\/2453","targetHints":{"allow":["GET"]}}],"collection":[{"href":"http:\/\/belediyeis.org.tr\/merkez\/wp-json\/wp\/v2\/posts"}],"about":[{"href":"http:\/\/belediyeis.org.tr\/merkez\/wp-json\/wp\/v2\/types\/post"}],"author":[{"embeddable":true,"href":"http:\/\/belediyeis.org.tr\/merkez\/wp-json\/wp\/v2\/users\/3"}],"replies":[{"embeddable":true,"href":"http:\/\/belediyeis.org.tr\/merkez\/wp-json\/wp\/v2\/comments?post=2453"}],"version-history":[{"count":1,"href":"http:\/\/belediyeis.org.tr\/merkez\/wp-json\/wp\/v2\/posts\/2453\/revisions"}],"predecessor-version":[{"id":2455,"href":"http:\/\/belediyeis.org.tr\/merkez\/wp-json\/wp\/v2\/posts\/2453\/revisions\/2455"}],"wp:featuredmedia":[{"embeddable":true,"href":"http:\/\/belediyeis.org.tr\/merkez\/wp-json\/wp\/v2\/media\/2454"}],"wp:attachment":[{"href":"http:\/\/belediyeis.org.tr\/merkez\/wp-json\/wp\/v2\/media?parent=2453"}],"wp:term":[{"taxonomy":"category","embeddable":true,"href":"http:\/\/belediyeis.org.tr\/merkez\/wp-json\/wp\/v2\/categories?post=2453"},{"taxonomy":"post_tag","embeddable":true,"href":"http:\/\/belediyeis.org.tr\/merkez\/wp-json\/wp\/v2\/tags?post=2453"}],"curies":[{"name":"wp","href":"https:\/\/api.w.org\/{rel}","templated":true}]}}