{"id":2440,"date":"2022-03-16T10:26:12","date_gmt":"2022-03-16T07:26:12","guid":{"rendered":"http:\/\/belediyeis.org.tr\/merkez\/?p=2440"},"modified":"2022-03-16T10:26:12","modified_gmt":"2022-03-16T07:26:12","slug":"epsu-guneydogu-avrupa-bolgesi-sendikalari-bir-araya-geldi","status":"publish","type":"post","link":"http:\/\/belediyeis.org.tr\/merkez\/2022\/03\/16\/epsu-guneydogu-avrupa-bolgesi-sendikalari-bir-araya-geldi\/","title":{"rendered":"EPSU G\u00fcneydo\u011fu Avrupa B\u00f6lgesi Sendikalar\u0131 Bir Araya Geldi"},"content":{"rendered":"<p style=\"text-align: justify;\">Avrupa Kamu Hizmetleri Sendikalar\u0131 Federasyonu EPSU\u2019nun G\u00fcneydo\u011fu Avrupa B\u00f6lge Toplant\u0131s\u0131, sendikam\u0131z\u0131n da kat\u0131l\u0131m\u0131yla \u00e7evrimi\u00e7i ortamda yap\u0131ld\u0131.<\/p>\n<p style=\"text-align: justify;\">G\u00fcneydo\u011fu Avrupa B\u00f6lgesi\u2019nde bulunan T\u00fcrkiye, Azerbaycan, Romanya, Arnavutluk, Moldova ve Bulgaristan\u2019daki EPSU \u00fcyesi sendikalar\u0131n kat\u0131ld\u0131\u011f\u0131 toplant\u0131ya ayr\u0131ca EPSU Genel Sekreteri Jan Willem Goudriann ile EPSU G\u00fcneydo\u011fu Avrupa B\u00f6lge y\u00f6neticileri de kat\u0131ld\u0131lar.<\/p>\n<p style=\"text-align: justify;\">Toplant\u0131da, Ukrayna\u2019da ya\u015fanan sald\u0131r\u0131lar, \u00f6zellikle Romanya ve Moldova\u2019ya ya\u015fanan m\u00fclteci ak\u0131n\u0131, sendikalar\u0131n m\u00fcltecilere y\u00f6nelik bar\u0131nma ve g\u0131da konusundaki yard\u0131mlar\u0131 konu\u015fuldu. Toplant\u0131da, ayr\u0131ca, b\u00f6lge \u00fclkelerinde ba\u015fta enerji fiyatlar\u0131 olmak \u00fczere ya\u015fanan zamlara ve enflasyondaki art\u0131\u015flara de\u011finildi.<\/p>\n<p style=\"text-align: justify;\">EPSU Genel Merkezi taraf\u0131ndan haz\u0131rlanan <strong>\u201cEmek\u00e7iler Sava\u015fa Hay\u0131r Diyor\u201d<\/strong> ve <strong>\u201cUkrayna Emek\u00e7ileriyle Dayan\u0131\u015fmaday\u0131z&#8221;<\/strong> mesajlar\u0131 toplant\u0131da \u00f6n plana \u00e7\u0131kar\u0131ld\u0131. Toplant\u0131, EPSU Genel Sekreteri Jan Willem Goudriann taraf\u0131ndan yap\u0131lan de\u011ferlendirmenin ard\u0131ndan sona erdi.<\/p>\n","protected":false},"excerpt":{"rendered":"<p>Avrupa Kamu Hizmetleri Sendikalar\u0131 Federasyonu EPSU\u2019nun G\u00fcneydo\u011fu Avrupa B\u00f6lge Toplant\u0131s\u0131, sendikam\u0131z\u0131n da kat\u0131l\u0131m\u0131yla \u00e7evrimi\u00e7i ortamda yap\u0131ld\u0131. G\u00fcneydo\u011fu Avrupa B\u00f6lgesi\u2019nde bulunan T\u00fcrkiye, Azerbaycan, Romanya, Arnavutluk, Moldova ve Bulgaristan\u2019daki EPSU \u00fcyesi sendikalar\u0131n kat\u0131ld\u0131\u011f\u0131 toplant\u0131ya ayr\u0131ca EPSU Genel Sekreteri Jan Willem Goudriann ile EPSU G\u00fcneydo\u011fu Avrupa B\u00f6lge y\u00f6neticileri de kat\u0131ld\u0131lar. Toplant\u0131da, Ukrayna\u2019da ya\u015fanan sald\u0131r\u0131lar, \u00f6zellikle Romanya ve Moldova\u2019ya [&hellip;]<\/p>\n","protected":false},"author":3,"featured_media":2441,"comment_status":"open","ping_status":"open","sticky":false,"template":"","format":"standard","meta":{"jnews-multi-image_gallery":[],"jnews_single_post":{"source_name":"","source_url":"","via_name":"","via_url":"","override_template":"0","override":[{"template":"1","single_blog_custom":"","parallax":"1","fullscreen":"1","layout":"right-sidebar","sidebar":"default-sidebar","second_sidebar":"default-sidebar","sticky_sidebar":"1","share_position":"top","share_float_style":"share-monocrhome","show_share_counter":"1","show_view_counter":"1","show_featured":"1","show_post_meta":"1","show_post_author":"1","show_post_author_image":"1","show_post_date":"1","post_date_format":"default","post_date_format_custom":"Y\/m\/d","show_post_category":"1","show_post_reading_time":"0","post_reading_time_wpm":"300","show_zoom_button":"0","zoom_button_out_step":"2","zoom_button_in_step":"3","show_post_tag":"1","show_prev_next_post":"1","show_popup_post":"1","number_popup_post":"1","show_author_box":"0","show_post_related":"0","show_inline_post_related":"0"}],"override_image_size":"0","image_override":[{"single_post_thumbnail_size":"crop-500","single_post_gallery_size":"crop-500"}],"trending_post":"0","trending_post_position":"meta","trending_post_label":"Trending","sponsored_post":"0","sponsored_post_label":"Sponsored by","sponsored_post_name":"","sponsored_post_url":"","sponsored_post_logo_enable":"0","sponsored_post_logo":"","sponsored_post_desc":"","disable_ad":"0"},"jnews_primary_category":{"id":""},"jnews_social_meta":{"fb_title":"","fb_description":"","fb_image":"","twitter_title":"","twitter_description":"","twitter_image":""},"jnews_override_counter":{"override_view_counter":"0","view_counter_number":"0","override_share_counter":"0","share_counter_number":"0","override_like_counter":"0","like_counter_number":"0","override_dislike_counter":"0","dislike_counter_number":"0"},"footnotes":""},"categories":[1],"tags":[194],"class_list":["post-2440","post","type-post","status-publish","format-standard","has-post-thumbnail","hentry","category-genel","tag-epsu"],"_links":{"self":[{"href":"http:\/\/belediyeis.org.tr\/merkez\/wp-json\/wp\/v2\/posts\/2440","targetHints":{"allow":["GET"]}}],"collection":[{"href":"http:\/\/belediyeis.org.tr\/merkez\/wp-json\/wp\/v2\/posts"}],"about":[{"href":"http:\/\/belediyeis.org.tr\/merkez\/wp-json\/wp\/v2\/types\/post"}],"author":[{"embeddable":true,"href":"http:\/\/belediyeis.org.tr\/merkez\/wp-json\/wp\/v2\/users\/3"}],"replies":[{"embeddable":true,"href":"http:\/\/belediyeis.org.tr\/merkez\/wp-json\/wp\/v2\/comments?post=2440"}],"version-history":[{"count":1,"href":"http:\/\/belediyeis.org.tr\/merkez\/wp-json\/wp\/v2\/posts\/2440\/revisions"}],"predecessor-version":[{"id":2442,"href":"http:\/\/belediyeis.org.tr\/merkez\/wp-json\/wp\/v2\/posts\/2440\/revisions\/2442"}],"wp:featuredmedia":[{"embeddable":true,"href":"http:\/\/belediyeis.org.tr\/merkez\/wp-json\/wp\/v2\/media\/2441"}],"wp:attachment":[{"href":"http:\/\/belediyeis.org.tr\/merkez\/wp-json\/wp\/v2\/media?parent=2440"}],"wp:term":[{"taxonomy":"category","embeddable":true,"href":"http:\/\/belediyeis.org.tr\/merkez\/wp-json\/wp\/v2\/categories?post=2440"},{"taxonomy":"post_tag","embeddable":true,"href":"http:\/\/belediyeis.org.tr\/merkez\/wp-json\/wp\/v2\/tags?post=2440"}],"curies":[{"name":"wp","href":"https:\/\/api.w.org\/{rel}","templated":true}]}}