{"id":2426,"date":"2022-03-14T17:40:50","date_gmt":"2022-03-14T14:40:50","guid":{"rendered":"http:\/\/belediyeis.org.tr\/merkez\/?p=2426"},"modified":"2022-03-14T17:45:04","modified_gmt":"2022-03-14T14:45:04","slug":"14-mart-tip-bayrami-kutlu-olsun","status":"publish","type":"post","link":"http:\/\/belediyeis.org.tr\/merkez\/2022\/03\/14\/14-mart-tip-bayrami-kutlu-olsun\/","title":{"rendered":"14 Mart T\u0131p Bayram\u0131 Kutlu Olsun"},"content":{"rendered":"<p style=\"text-align: justify;\">Sa\u011fl\u0131k\u00e7\u0131lar\u0131m\u0131z\u0131n 14 Mart T\u0131p Bayram\u0131n\u0131 Kutlar, ifade \u00f6zg\u00fcrl\u00fcklerini engellemeye y\u00f6nelik t\u00fcm giri\u015fimleri \u015fiddetle k\u0131nar\u0131z.<\/p>\n<p style=\"text-align: justify;\">Covid salg\u0131n\u0131, bizlere sa\u011fl\u0131\u011f\u0131m\u0131z\u0131n ve sa\u011fl\u0131m\u0131z\u0131 korumak i\u00e7in hayatlar\u0131n\u0131 ortaya koyan sa\u011fl\u0131k\u00e7\u0131lar\u0131m\u0131z\u0131n \u00f6nemini bir kez daha g\u00f6stermi\u015ftir.<br \/>\nBa\u015fta doktorlar\u0131m\u0131z olmak \u00fczere t\u00fcm sa\u011fl\u0131k\u00e7\u0131lar\u0131m\u0131z, gecesini g\u00fcnd\u00fcz\u00fcne kat\u0131p, hayatlar\u0131n\u0131 riske atm\u0131\u015f, \u00e7ok say\u0131da sa\u011fl\u0131k\u00e7\u0131m\u0131z da bu s\u00fcre\u00e7te hayat\u0131n\u0131 kaybetmi\u015ftir.<\/p>\n<p style=\"text-align: justify;\">Hayat\u0131n\u0131 kaybeden t\u00fcm sa\u011fl\u0131k\u00e7\u0131lar\u0131m\u0131z\u0131 sayg\u0131 ve rahmetle an\u0131yor, bizlerin sa\u011fl\u0131kl\u0131 olabilmesi i\u00e7in en zor \u015fartlarda b\u00fcy\u00fck bir \u00f6zveriyle \u00e7al\u0131\u015fan, t\u00fcm sa\u011fl\u0131k \u00e7al\u0131\u015fanlar\u0131n\u0131n ve hekimlerimizin 14 Mart T\u0131p Bayram\u0131n\u0131 kutluyoruz.<\/p>\n<p style=\"text-align: justify;\"><strong>\u0130fade \u00f6zg\u00fcrl\u00fc\u011f\u00fc en temel hakt\u0131r\u2026<\/strong><\/p>\n<p style=\"text-align: justify;\">T\u0131p Bayram\u0131 nedeniyle ba\u015fta doktorlar olmak \u00fczere sa\u011fl\u0131k \u00e7al\u0131\u015fanlar\u0131n\u0131n sa\u011fl\u0131k \u00f6rg\u00fctlerinin kat\u0131l\u0131m\u0131yla yapt\u0131klar\u0131 bas\u0131n a\u00e7\u0131klamalar\u0131 ve Atat\u00fcrk an\u0131t\u0131na \u00e7elenk koyma giri\u015fimleri ise emniyet g\u00fc\u00e7leri taraf\u0131ndan demokratik haklar yok say\u0131larak \u00f6l\u00e7\u00fcs\u00fczce engellenmek istenmi\u015ftir.<br \/>\nYap\u0131lan engellemeler, ifade ve bas\u0131n \u00f6zg\u00fcrl\u00fc\u011f\u00fc gibi evrensel de\u011ferlere ayk\u0131r\u0131 oldu\u011fu gibi, gayri ahlaki ve gayri insanidir. Kabul edilemez.<br \/>\nKendilerine sa\u011fl\u0131\u011f\u0131m\u0131z\u0131 bor\u00e7lu oldu\u011fumuz, hayatlar\u0131 pahas\u0131na insan sa\u011fl\u0131\u011f\u0131 i\u00e7in \u00e7al\u0131\u015fan, sa\u011fl\u0131k \u00e7al\u0131\u015fanlar\u0131n\u0131n g\u00f6rd\u00fc\u011f\u00fc bu haks\u0131z, hukuksuz muameleyi \u015fiddetle protesto ediyoruz.<br \/>\nSayg\u0131lar\u0131m\u0131zla.<\/p>\n","protected":false},"excerpt":{"rendered":"<p>Sa\u011fl\u0131k\u00e7\u0131lar\u0131m\u0131z\u0131n 14 Mart T\u0131p Bayram\u0131n\u0131 Kutlar, ifade \u00f6zg\u00fcrl\u00fcklerini engellemeye y\u00f6nelik t\u00fcm giri\u015fimleri \u015fiddetle k\u0131nar\u0131z. Covid salg\u0131n\u0131, bizlere sa\u011fl\u0131\u011f\u0131m\u0131z\u0131n ve sa\u011fl\u0131m\u0131z\u0131 korumak i\u00e7in hayatlar\u0131n\u0131 ortaya koyan sa\u011fl\u0131k\u00e7\u0131lar\u0131m\u0131z\u0131n \u00f6nemini bir kez daha g\u00f6stermi\u015ftir. Ba\u015fta doktorlar\u0131m\u0131z olmak \u00fczere t\u00fcm sa\u011fl\u0131k\u00e7\u0131lar\u0131m\u0131z, gecesini g\u00fcnd\u00fcz\u00fcne kat\u0131p, hayatlar\u0131n\u0131 riske atm\u0131\u015f, \u00e7ok say\u0131da sa\u011fl\u0131k\u00e7\u0131m\u0131z da bu s\u00fcre\u00e7te hayat\u0131n\u0131 kaybetmi\u015ftir. Hayat\u0131n\u0131 kaybeden t\u00fcm sa\u011fl\u0131k\u00e7\u0131lar\u0131m\u0131z\u0131 [&hellip;]<\/p>\n","protected":false},"author":3,"featured_media":2432,"comment_status":"open","ping_status":"open","sticky":false,"template":"","format":"standard","meta":{"jnews-multi-image_gallery":[],"jnews_single_post":{"source_name":"","source_url":"","via_name":"","via_url":"","override_template":"0","override":[{"template":"1","single_blog_custom":"","parallax":"1","fullscreen":"1","layout":"right-sidebar","sidebar":"default-sidebar","second_sidebar":"default-sidebar","sticky_sidebar":"1","share_position":"top","share_float_style":"share-monocrhome","show_share_counter":"1","show_view_counter":"1","show_featured":"1","show_post_meta":"1","show_post_author":"1","show_post_author_image":"1","show_post_date":"1","post_date_format":"default","post_date_format_custom":"Y\/m\/d","show_post_category":"1","show_post_reading_time":"0","post_reading_time_wpm":"300","show_zoom_button":"0","zoom_button_out_step":"2","zoom_button_in_step":"3","show_post_tag":"1","show_prev_next_post":"1","show_popup_post":"1","number_popup_post":"1","show_author_box":"0","show_post_related":"0","show_inline_post_related":"0"}],"override_image_size":"0","image_override":[{"single_post_thumbnail_size":"crop-500","single_post_gallery_size":"crop-500"}],"trending_post":"0","trending_post_position":"meta","trending_post_label":"Trending","sponsored_post":"0","sponsored_post_label":"Sponsored by","sponsored_post_name":"","sponsored_post_url":"","sponsored_post_logo_enable":"0","sponsored_post_logo":"","sponsored_post_desc":"","disable_ad":"0"},"jnews_primary_category":{"id":""},"jnews_social_meta":{"fb_title":"","fb_description":"","fb_image":"","twitter_title":"","twitter_description":"","twitter_image":""},"jnews_override_counter":{"override_view_counter":"0","view_counter_number":"0","override_share_counter":"0","share_counter_number":"0","override_like_counter":"0","like_counter_number":"0","override_dislike_counter":"0","dislike_counter_number":"0"},"footnotes":""},"categories":[1],"tags":[192,103,193],"class_list":["post-2426","post","type-post","status-publish","format-standard","has-post-thumbnail","hentry","category-genel","tag-14-mart","tag-basin-aciklamasi","tag-tip-bayrami"],"_links":{"self":[{"href":"http:\/\/belediyeis.org.tr\/merkez\/wp-json\/wp\/v2\/posts\/2426","targetHints":{"allow":["GET"]}}],"collection":[{"href":"http:\/\/belediyeis.org.tr\/merkez\/wp-json\/wp\/v2\/posts"}],"about":[{"href":"http:\/\/belediyeis.org.tr\/merkez\/wp-json\/wp\/v2\/types\/post"}],"author":[{"embeddable":true,"href":"http:\/\/belediyeis.org.tr\/merkez\/wp-json\/wp\/v2\/users\/3"}],"replies":[{"embeddable":true,"href":"http:\/\/belediyeis.org.tr\/merkez\/wp-json\/wp\/v2\/comments?post=2426"}],"version-history":[{"count":1,"href":"http:\/\/belediyeis.org.tr\/merkez\/wp-json\/wp\/v2\/posts\/2426\/revisions"}],"predecessor-version":[{"id":2429,"href":"http:\/\/belediyeis.org.tr\/merkez\/wp-json\/wp\/v2\/posts\/2426\/revisions\/2429"}],"wp:featuredmedia":[{"embeddable":true,"href":"http:\/\/belediyeis.org.tr\/merkez\/wp-json\/wp\/v2\/media\/2432"}],"wp:attachment":[{"href":"http:\/\/belediyeis.org.tr\/merkez\/wp-json\/wp\/v2\/media?parent=2426"}],"wp:term":[{"taxonomy":"category","embeddable":true,"href":"http:\/\/belediyeis.org.tr\/merkez\/wp-json\/wp\/v2\/categories?post=2426"},{"taxonomy":"post_tag","embeddable":true,"href":"http:\/\/belediyeis.org.tr\/merkez\/wp-json\/wp\/v2\/tags?post=2426"}],"curies":[{"name":"wp","href":"https:\/\/api.w.org\/{rel}","templated":true}]}}