{"id":2334,"date":"2021-01-26T15:49:34","date_gmt":"2021-01-26T12:49:34","guid":{"rendered":"http:\/\/belediyeis.org.tr\/merkez\/?p=2334"},"modified":"2022-03-08T15:51:22","modified_gmt":"2022-03-08T12:51:22","slug":"marmaris-belediye-baskani-mehmet-oktay-turk-ceza-kanununa-gore-suc-isliyor","status":"publish","type":"post","link":"http:\/\/belediyeis.org.tr\/merkez\/2021\/01\/26\/marmaris-belediye-baskani-mehmet-oktay-turk-ceza-kanununa-gore-suc-isliyor\/","title":{"rendered":"Marmaris Belediye Ba\u015fkan\u0131 Mehmet Oktay, T\u00fcrk Ceza Kanununa G\u00f6re Su\u00e7 \u0130\u015fliyor"},"content":{"rendered":"<p style=\"text-align: justify;\">Sendikam\u0131z\u0131n y\u0131llard\u0131r \u00f6rg\u00fctl\u00fc oldu\u011fu Marmaris Belediyesi\u2019nde \u00fcyelerimiz, s\u00fcrg\u00fcn tehditleriyle sendikam\u0131zdan istifa ettirilerek D\u0130SK\/Genel-\u0130\u015f\u2019e \u00fcye olmaya zorlanmaktad\u0131r.<\/p>\n<p style=\"text-align: justify;\">Belediye-\u0130\u015f, sendikalar\u0131n i\u015fverenlerden, partilerden, siyasi yap\u0131lardan ba\u011f\u0131ms\u0131z, yanda\u015f olmayan yap\u0131lar olmas\u0131 gerekti\u011fine inanan bir sendikad\u0131r. Her yerel se\u00e7im sonras\u0131, yanda\u015f Hak-\u0130\u015f\/Hizmet-\u0130\u015f\u2018in \u00f6rg\u00fctlenme uzman\u0131 gibi \u00e7al\u0131\u015fan baz\u0131 AKP\u2019li belediye ba\u015fkanlar\u0131 bask\u0131 ve tehditle \u00fcyelerimizi sendikam\u0131zdan istifa ettirerek yanda\u015f Hizmet-\u0130\u015f\u2019e \u00fcye olmaya zorlam\u0131\u015ft\u0131r.<\/p>\n<p style=\"text-align: justify;\">31 Mart 2019 yerel se\u00e7imleri sonras\u0131 ise baz\u0131 CHP\u2019li belediye ba\u015fkan ve y\u00f6neticileri partilerinin ilke ve kararlar\u0131n\u0131 ayaklar alt\u0131na alarak, k\u0131sa d\u00f6nemli \u00e7\u0131karlar\u0131 i\u00e7in \u201cbizim yanda\u015f sendikam\u0131z\u201d diyerek \u00fcyelerimizi sendikam\u0131zdan istifaya D\u0130SK\/Genel-\u0130\u015f\u2019e \u00fcye olmaya zorlam\u0131\u015ft\u0131r. Yanda\u015f sendika sevdas\u0131n\u0131n son \u00f6rne\u011fi, CHP\u2019li Marmaris Belediyesi\u2019nde ya\u015fanmaktad\u0131r.<\/p>\n<p style=\"text-align: justify;\">Sendikam\u0131z \u00fcyeleri, baz\u0131 amirlerin, m\u00fcd\u00fcrlerin bask\u0131s\u0131yla sendikam\u0131zdan istifa ettirilip, Bat\u0131\u2019da ayr\u0131 Do\u011fu\u2019da ayr\u0131 konu\u015fan, yalanlar\u0131n\u0131 kameralar\u0131n \u00f6n\u00fcnde yapt\u0131\u011f\u0131 \u015fovlarla gizlemeye \u00e7al\u0131\u015fan, ikiy\u00fczl\u00fc D\u0130SK\/Genel-\u0130\u015f\u2019e \u00fcye olmaya zorlan\u0131yor. Sendikam\u0131z yetkililerinin t\u00fcm uyar\u0131lar\u0131na kar\u015f\u0131n, \u00fcyelerimize y\u00f6nelik bask\u0131lar, Marmaris Belediye Ba\u015fkan\u0131 Mehmet Oktay\u2019\u0131n y\u00f6nlendirmesi ve Ba\u015fkan Yard\u0131mc\u0131s\u0131 \u0130hsan \u00d6zt\u00fcrk koordinasyonu ile ger\u00e7ekle\u015ftirilmektedir.<\/p>\n<p style=\"text-align: justify;\">Belediyenin eli telsizli yetkilileri adeta D\u0130SK\/Genel-\u0130\u015f\u2019in maa\u015fl\u0131 \u00f6rg\u00fctlenme eleman\u0131 gibi \u00e7al\u0131\u015f\u0131p, tetik\u00e7ilik yaparak \u00fcyelerimizi, s\u00fcrg\u00fcn ve i\u015ften atma tehditleriyle D\u0130SK\/Genel-\u0130\u015f\u2019e \u00fcye olmaya zorluyor.<\/p>\n<p style=\"text-align: justify;\">\u0130\u015f\u00e7inin sendikal tercihini bask\u0131 ve tehditle belirlemek sizin ne haddinize.<\/p>\n<p style=\"text-align: justify;\">Bu mu sizin demokratl\u0131\u011f\u0131n\u0131z? Bu mu sizin sendikac\u0131l\u0131k anlay\u0131\u015f\u0131n\u0131z? Yanda\u015f sevdal\u0131s\u0131 baz\u0131 AKP\u2019li belediye ba\u015fkanlar\u0131ndan, Hak-\u0130\u015f\/Hizmet-\u0130\u015f\u2019ten ne fark\u0131n\u0131z var? B\u00f6yle bir anlay\u0131\u015fla m\u0131 belediyeyi y\u00f6neteceksiniz?<\/p>\n<p style=\"text-align: justify;\">Marmaris halk\u0131 sizi i\u015f\u00e7ilerin \u2018Anayasal sendika se\u00e7me \u00f6zg\u00fcrl\u00fc\u011f\u00fcne m\u00fcdahale edin\u2019 diye se\u00e7medi. Marmaris halk\u0131, hizmet edin, demokrasiye \u00f6zg\u00fcrl\u00fcklere, hakka hukuka sayg\u0131l\u0131 olun diye se\u00e7ti. Siz ise elinize ge\u00e7en ilk f\u0131rsatta hakka, hukuka adalete, demokrasiye, \u00f6zg\u00fcrl\u00fcklere ve evrensel sendikal de\u011ferlere ihanet ediyorsunuz.<\/p>\n<p style=\"text-align: justify;\">Biz i\u015f\u00e7inin Anayasal \u00f6zg\u00fcrce sendika se\u00e7me hakk\u0131n\u0131 engelleyenlerin zihniyetini \u00e7ok iyi biliyoruz. Onlar\u0131n, dini iman\u0131, ilkesi \u00e7\u0131kar ve menfaat. Onlar, bukalemun gibiler, her renge girerler. Lafa gelince; haktan hukuktan, adaletten ve demokrasiden bahseder mangalda k\u00fcl b\u0131rakmazlar. \u0130craata gelince, menfaatleri i\u00e7in her \u015feyi yaparlar.<\/p>\n<p style=\"text-align: justify;\">\u00dcyelerimizi tehdit edenlere sesleniyoruz: \u201c\u0130\u015f\u00e7inin sendikas\u0131na kar\u0131\u015fm\u0131yoruz, benim haberim yok, emir kuluyum\u201d ikiy\u00fczl\u00fcl\u00fc\u011f\u00fcn\u00fc bir kenara b\u0131rak\u0131n. Kendinizi d\u00fcnya ak\u0131ll\u0131s\u0131, \u00e2lemi aptal sanmay\u0131n.<\/p>\n<p style=\"text-align: justify;\">Sendikal bask\u0131, T\u00fcrk Ceza Kanunu\u2019nun 118. Maddesine g\u00f6re, alt\u0131 aydan iki y\u0131la kadar hapis cezas\u0131 ile cezaland\u0131r\u0131lacak bir su\u00e7tur. Bu kanunsuz emirleri verenler de, uygulayan ma\u015falar da T\u00fcrk Ceza Kanunu\u2019na g\u00f6re su\u00e7 i\u015fliyor. Bu su\u00e7u i\u015fleyenler, yar\u0131n mahkeme kap\u0131lar\u0131nda yarg\u0131lan\u0131rken, tek ba\u015flar\u0131na kalacaklar\u0131n\u0131 bilsinler.<\/p>\n<p style=\"text-align: justify;\">Sendikac\u0131l\u0131k bask\u0131yla tehditle ve zorbal\u0131kla yap\u0131lamaz. \u0130\u015f\u00e7inin iradesini yok sayarak, i\u015f\u00e7iye dayanmadan, i\u015fverenin onay\u0131 ve deste\u011fiyle, yap\u0131lan \u015fey sendikac\u0131l\u0131k de\u011fildir.<\/p>\n<p style=\"text-align: justify;\">Belediye-\u0130\u015f \u201c\u015fu\u201d veya \u201co partinin\u201d,\u201cyan kurulu\u015fu\u201d,\u201carka bah\u00e7esi\u201d, \u201cyanda\u015f\u0131\u201d de\u011fil, i\u015f\u00e7inin, emek\u00e7inin, sesidir solu\u011fudur, yolda\u015f\u0131d\u0131r.<\/p>\n<p style=\"text-align: justify;\">Kimi zaman siyasi partiler i\u00e7indeki baz\u0131 partizanlar, g\u00fcnl\u00fck menfaatlerini d\u00fc\u015f\u00fcnen baz\u0131 i\u015fverenler Belediye-\u0130\u015f\u2019e bedel \u00f6detmek istiyor olabilir, Belediye-\u0130\u015f, ilkeleri u\u011fruna her zaman bedel \u00f6demeye haz\u0131rd\u0131r. Er ya da ge\u00e7 su yata\u011f\u0131n\u0131 bulacakt\u0131r.<\/p>\n<p style=\"text-align: justify;\">Sayg\u0131lar\u0131m\u0131zla.<\/p>\n<p style=\"text-align: justify;\">26.01.2021<\/p>\n<p style=\"text-align: justify;\">Belediye-\u0130\u015f Sendikas\u0131<\/p>\n<p style=\"text-align: justify;\">\n","protected":false},"excerpt":{"rendered":"<p>Sendikam\u0131z\u0131n y\u0131llard\u0131r \u00f6rg\u00fctl\u00fc oldu\u011fu Marmaris Belediyesi\u2019nde \u00fcyelerimiz, s\u00fcrg\u00fcn tehditleriyle sendikam\u0131zdan istifa ettirilerek D\u0130SK\/Genel-\u0130\u015f\u2019e \u00fcye olmaya zorlanmaktad\u0131r. Belediye-\u0130\u015f, sendikalar\u0131n i\u015fverenlerden, partilerden, siyasi yap\u0131lardan ba\u011f\u0131ms\u0131z, yanda\u015f olmayan yap\u0131lar olmas\u0131 gerekti\u011fine inanan bir sendikad\u0131r. Her yerel se\u00e7im sonras\u0131, yanda\u015f Hak-\u0130\u015f\/Hizmet-\u0130\u015f\u2018in \u00f6rg\u00fctlenme uzman\u0131 gibi \u00e7al\u0131\u015fan baz\u0131 AKP\u2019li belediye ba\u015fkanlar\u0131 bask\u0131 ve tehditle \u00fcyelerimizi sendikam\u0131zdan istifa ettirerek yanda\u015f Hizmet-\u0130\u015f\u2019e \u00fcye [&hellip;]<\/p>\n","protected":false},"author":3,"featured_media":2278,"comment_status":"open","ping_status":"open","sticky":false,"template":"","format":"standard","meta":{"jnews-multi-image_gallery":[],"jnews_single_post":{"source_name":"","source_url":"","via_name":"","via_url":"","override_template":"0","override":[{"template":"1","single_blog_custom":"","parallax":"1","fullscreen":"1","layout":"right-sidebar","sidebar":"default-sidebar","second_sidebar":"default-sidebar","sticky_sidebar":"1","share_position":"top","share_float_style":"share-monocrhome","show_share_counter":"1","show_view_counter":"1","show_featured":"1","show_post_meta":"1","show_post_author":"1","show_post_author_image":"1","show_post_date":"1","post_date_format":"default","post_date_format_custom":"Y\/m\/d","show_post_category":"1","show_post_reading_time":"0","post_reading_time_wpm":"300","show_zoom_button":"0","zoom_button_out_step":"2","zoom_button_in_step":"3","show_post_tag":"1","show_prev_next_post":"1","show_popup_post":"1","number_popup_post":"1","show_author_box":"0","show_post_related":"0","show_inline_post_related":"0"}],"override_image_size":"0","image_override":[{"single_post_thumbnail_size":"crop-500","single_post_gallery_size":"crop-500"}],"trending_post":"0","trending_post_position":"meta","trending_post_label":"Trending","sponsored_post":"0","sponsored_post_label":"Sponsored by","sponsored_post_name":"","sponsored_post_url":"","sponsored_post_logo_enable":"0","sponsored_post_logo":"","sponsored_post_desc":"","disable_ad":"0"},"jnews_primary_category":{"id":""},"jnews_social_meta":{"fb_title":"","fb_description":"","fb_image":"","twitter_title":"","twitter_description":"","twitter_image":""},"jnews_override_counter":{"override_view_counter":"0","view_counter_number":"0","override_share_counter":"0","share_counter_number":"0","override_like_counter":"0","like_counter_number":"0","override_dislike_counter":"0","dislike_counter_number":"0"},"footnotes":""},"categories":[1],"tags":[103,172,125],"class_list":["post-2334","post","type-post","status-publish","format-standard","has-post-thumbnail","hentry","category-genel","tag-basin-aciklamasi","tag-marmaris","tag-mugla-sube"],"_links":{"self":[{"href":"http:\/\/belediyeis.org.tr\/merkez\/wp-json\/wp\/v2\/posts\/2334","targetHints":{"allow":["GET"]}}],"collection":[{"href":"http:\/\/belediyeis.org.tr\/merkez\/wp-json\/wp\/v2\/posts"}],"about":[{"href":"http:\/\/belediyeis.org.tr\/merkez\/wp-json\/wp\/v2\/types\/post"}],"author":[{"embeddable":true,"href":"http:\/\/belediyeis.org.tr\/merkez\/wp-json\/wp\/v2\/users\/3"}],"replies":[{"embeddable":true,"href":"http:\/\/belediyeis.org.tr\/merkez\/wp-json\/wp\/v2\/comments?post=2334"}],"version-history":[{"count":1,"href":"http:\/\/belediyeis.org.tr\/merkez\/wp-json\/wp\/v2\/posts\/2334\/revisions"}],"predecessor-version":[{"id":2335,"href":"http:\/\/belediyeis.org.tr\/merkez\/wp-json\/wp\/v2\/posts\/2334\/revisions\/2335"}],"wp:featuredmedia":[{"embeddable":true,"href":"http:\/\/belediyeis.org.tr\/merkez\/wp-json\/wp\/v2\/media\/2278"}],"wp:attachment":[{"href":"http:\/\/belediyeis.org.tr\/merkez\/wp-json\/wp\/v2\/media?parent=2334"}],"wp:term":[{"taxonomy":"category","embeddable":true,"href":"http:\/\/belediyeis.org.tr\/merkez\/wp-json\/wp\/v2\/categories?post=2334"},{"taxonomy":"post_tag","embeddable":true,"href":"http:\/\/belediyeis.org.tr\/merkez\/wp-json\/wp\/v2\/tags?post=2334"}],"curies":[{"name":"wp","href":"https:\/\/api.w.org\/{rel}","templated":true}]}}