{"id":2277,"date":"2021-06-19T14:43:09","date_gmt":"2021-06-19T11:43:09","guid":{"rendered":"http:\/\/belediyeis.org.tr\/merkez\/?p=2277"},"modified":"2022-03-07T15:04:15","modified_gmt":"2022-03-07T12:04:15","slug":"emekci-halkimiz-kaostan-beslenmek-isteyenlere-prim-vermeyecektir","status":"publish","type":"post","link":"http:\/\/belediyeis.org.tr\/merkez\/2021\/06\/19\/emekci-halkimiz-kaostan-beslenmek-isteyenlere-prim-vermeyecektir\/","title":{"rendered":"Emek\u00e7i halk\u0131m\u0131z, kaostan beslenmek isteyenlere prim vermeyecektir"},"content":{"rendered":"<p style=\"text-align: justify;\">HDP \u0130zmir \u0130l Ba\u015fkanl\u0131\u011f\u0131&#8217;na d\u00fczenlenen silahl\u0131 sald\u0131r\u0131y\u0131 en \u015fiddetli \u015fekilde k\u0131n\u0131yor, sald\u0131r\u0131da hayat\u0131n\u0131 kaybeden Deniz Poyraz&#8217;a Allah&#8217;tan rahmet ve ailesine ba\u015fsa\u011fl\u0131\u011f\u0131 diliyoruz.<br \/>\nBu sald\u0131r\u0131 demokrasiden, bar\u0131\u015ftan, karde\u015flikten yana t\u00fcm toplum kesimlerini hedef alan, toplumu birbirine d\u00fc\u015f\u00fcrmeye, karde\u015f kavgas\u0131 \u00e7\u0131karmaya y\u00f6nelik bir sald\u0131r\u0131d\u0131r. Kimse bu provokasyonlardan medet ummas\u0131n!<br \/>\nBa\u015fta siyasiler olmak \u00fczere herkesi, \u015fiddeti besleyecek s\u00f6ylem ve davran\u0131\u015flardan ka\u00e7\u0131nmaya \u00e7a\u011f\u0131r\u0131yoruz. \u015eiddetin her t\u00fcrl\u00fcs\u00fcne ve her \u015fekline hayat\u0131n t\u00fcm alanlar\u0131nda kar\u015f\u0131y\u0131z.<br \/>\nEmek\u00e7i halk\u0131m\u0131z, kaostan beslenmek isteyenlere prim vermeyecektir.<\/p>\n<p style=\"text-align: justify;\">Belediye-\u0130\u015f Sendikas\u0131<\/p>\n","protected":false},"excerpt":{"rendered":"<p>HDP \u0130zmir \u0130l Ba\u015fkanl\u0131\u011f\u0131&#8217;na d\u00fczenlenen silahl\u0131 sald\u0131r\u0131y\u0131 en \u015fiddetli \u015fekilde k\u0131n\u0131yor, sald\u0131r\u0131da hayat\u0131n\u0131 kaybeden Deniz Poyraz&#8217;a Allah&#8217;tan rahmet ve ailesine ba\u015fsa\u011fl\u0131\u011f\u0131 diliyoruz. Bu sald\u0131r\u0131 demokrasiden, bar\u0131\u015ftan, karde\u015flikten yana t\u00fcm toplum kesimlerini hedef alan, toplumu birbirine d\u00fc\u015f\u00fcrmeye, karde\u015f kavgas\u0131 \u00e7\u0131karmaya y\u00f6nelik bir sald\u0131r\u0131d\u0131r. Kimse bu provokasyonlardan medet ummas\u0131n! Ba\u015fta siyasiler olmak \u00fczere herkesi, \u015fiddeti besleyecek s\u00f6ylem [&hellip;]<\/p>\n","protected":false},"author":3,"featured_media":2278,"comment_status":"open","ping_status":"open","sticky":false,"template":"","format":"standard","meta":{"jnews-multi-image_gallery":[],"jnews_single_post":{"source_name":"","source_url":"","via_name":"","via_url":"","override_template":"0","override":[{"template":"1","single_blog_custom":"","parallax":"1","fullscreen":"1","layout":"right-sidebar","sidebar":"default-sidebar","second_sidebar":"default-sidebar","sticky_sidebar":"1","share_position":"top","share_float_style":"share-monocrhome","show_share_counter":"1","show_view_counter":"1","show_featured":"1","show_post_meta":"1","show_post_author":"1","show_post_author_image":"1","show_post_date":"1","post_date_format":"default","post_date_format_custom":"Y\/m\/d","show_post_category":"1","show_post_reading_time":"0","post_reading_time_wpm":"300","show_zoom_button":"0","zoom_button_out_step":"2","zoom_button_in_step":"3","show_post_tag":"1","show_prev_next_post":"1","show_popup_post":"1","number_popup_post":"1","show_author_box":"0","show_post_related":"0","show_inline_post_related":"0"}],"override_image_size":"0","image_override":[{"single_post_thumbnail_size":"crop-500","single_post_gallery_size":"crop-500"}],"trending_post":"0","trending_post_position":"meta","trending_post_label":"Trending","sponsored_post":"0","sponsored_post_label":"Sponsored by","sponsored_post_name":"","sponsored_post_url":"","sponsored_post_logo_enable":"0","sponsored_post_logo":"","sponsored_post_desc":"","disable_ad":"0"},"jnews_primary_category":{"id":""},"jnews_social_meta":{"fb_title":"","fb_description":"","fb_image":"","twitter_title":"","twitter_description":"","twitter_image":""},"jnews_override_counter":{"override_view_counter":"0","view_counter_number":"0","override_share_counter":"0","share_counter_number":"0","override_like_counter":"0","like_counter_number":"0","override_dislike_counter":"0","dislike_counter_number":"0"},"footnotes":""},"categories":[1],"tags":[103],"class_list":["post-2277","post","type-post","status-publish","format-standard","has-post-thumbnail","hentry","category-genel","tag-basin-aciklamasi"],"_links":{"self":[{"href":"http:\/\/belediyeis.org.tr\/merkez\/wp-json\/wp\/v2\/posts\/2277","targetHints":{"allow":["GET"]}}],"collection":[{"href":"http:\/\/belediyeis.org.tr\/merkez\/wp-json\/wp\/v2\/posts"}],"about":[{"href":"http:\/\/belediyeis.org.tr\/merkez\/wp-json\/wp\/v2\/types\/post"}],"author":[{"embeddable":true,"href":"http:\/\/belediyeis.org.tr\/merkez\/wp-json\/wp\/v2\/users\/3"}],"replies":[{"embeddable":true,"href":"http:\/\/belediyeis.org.tr\/merkez\/wp-json\/wp\/v2\/comments?post=2277"}],"version-history":[{"count":2,"href":"http:\/\/belediyeis.org.tr\/merkez\/wp-json\/wp\/v2\/posts\/2277\/revisions"}],"predecessor-version":[{"id":2280,"href":"http:\/\/belediyeis.org.tr\/merkez\/wp-json\/wp\/v2\/posts\/2277\/revisions\/2280"}],"wp:featuredmedia":[{"embeddable":true,"href":"http:\/\/belediyeis.org.tr\/merkez\/wp-json\/wp\/v2\/media\/2278"}],"wp:attachment":[{"href":"http:\/\/belediyeis.org.tr\/merkez\/wp-json\/wp\/v2\/media?parent=2277"}],"wp:term":[{"taxonomy":"category","embeddable":true,"href":"http:\/\/belediyeis.org.tr\/merkez\/wp-json\/wp\/v2\/categories?post=2277"},{"taxonomy":"post_tag","embeddable":true,"href":"http:\/\/belediyeis.org.tr\/merkez\/wp-json\/wp\/v2\/tags?post=2277"}],"curies":[{"name":"wp","href":"https:\/\/api.w.org\/{rel}","templated":true}]}}