{"id":1340,"date":"2021-10-11T14:09:49","date_gmt":"2021-10-11T11:09:49","guid":{"rendered":"http:\/\/belediyeis.org.tr\/merkez\/?p=1340"},"modified":"2022-01-26T13:41:34","modified_gmt":"2022-01-26T10:41:34","slug":"belediye-is-sendikasi-baskanlar-kurulu","status":"publish","type":"post","link":"http:\/\/belediyeis.org.tr\/merkez\/2021\/10\/11\/belediye-is-sendikasi-baskanlar-kurulu\/","title":{"rendered":"Belediye-\u0130\u015f Sendikas\u0131 Ba\u015fkanlar Kurulu Sonu\u00e7 Bildirgesi"},"content":{"rendered":"<p style=\"margin: 0cm 0cm 0.0001pt; background: white; text-align: justify;\"><strong><span style=\"font-family: 'Calibri','sans-serif'; color: #292929;\">Ba\u015fkanlar Kurulumuz, toplant\u0131da yap\u0131lan de\u011ferlendirmeleri ve bu do\u011frultuda alm\u0131\u015f oldu\u011fumuz kararlar\u0131 a\u015fa\u011f\u0131daki \u015fekilde kamuoyuna iletmeyi uygun bulmu\u015ftur:<\/span><\/strong><\/p>\n<p style=\"margin: 0cm 0cm 0.0001pt; background: white; font-variant-ligatures: normal; font-variant-caps: normal; orphans: 2; widows: 2; -webkit-text-stroke-width: 0px; word-spacing: 2px; z-index: 1; text-align: justify;\"><strong style=\"z-index: 1;\"><span style=\"font-family: 'Calibri','sans-serif'; color: #292929;\">1-\u00a0<\/span><\/strong><span style=\"font-family: 'Calibri','sans-serif'; color: #292929;\">Covid-19 salg\u0131n\u0131; sa\u011fl\u0131k ve belediye \u00e7al\u0131\u015fanlar\u0131 ba\u015fta olmak \u00fczere t\u00fcm \u00e7al\u0131\u015fanlar\u0131 etkilemi\u015ftir. Salg\u0131n tedbirleri kapsam\u0131nda bir\u00e7ok k\u0131s\u0131tlaman\u0131n uyguland\u0131\u011f\u0131 ve tam kapanma tedbirlerinin hayata ge\u00e7irildi\u011fi d\u00f6nemde dahi \u00fcretim hizmetleri durmam\u0131\u015f, emek\u00e7iler vir\u00fcs y\u00fck\u00fcne maruz kalm\u0131\u015flard\u0131r.<\/span><\/p>\n<p style=\"margin: 0cm 0cm 0.0001pt; background: white; font-variant-ligatures: normal; font-variant-caps: normal; orphans: 2; widows: 2; -webkit-text-stroke-width: 0px; word-spacing: 2px; z-index: 1; text-align: justify;\"><span style=\"font-family: 'Calibri','sans-serif'; color: #292929;\">Salg\u0131ndan en olumsuz etkilenenler emek\u00e7iler olmas\u0131na ra\u011fmen, sendikal \u00f6rg\u00fctl\u00fcl\u00fck emek\u00e7iler a\u00e7\u0131s\u0131ndan salg\u0131n d\u00f6neminde de \u00f6nemli bir koruma kalkan\u0131 olmu\u015ftur.<\/span><\/p>\n<p style=\"margin: 0cm 0cm 0.0001pt; background: white; font-variant-ligatures: normal; font-variant-caps: normal; orphans: 2; widows: 2; -webkit-text-stroke-width: 0px; word-spacing: 2px; z-index: 1; text-align: justify;\"><strong style=\"z-index: 1;\"><span style=\"font-family: 'Calibri','sans-serif'; color: #292929;\">Ba\u015fkanlar Kurulumuz salg\u0131n d\u00f6neminde getirilen esnek \u00e7al\u0131\u015fma bi\u00e7imlerini kal\u0131c\u0131 hale getirecek,\u00a0<\/span><\/strong><span style=\"font-family: 'Calibri','sans-serif'; color: #292929;\">sendikal \u00f6rg\u00fctl\u00fcl\u00fc\u011f\u00fc zay\u0131flatacak veya yok edecek t\u00fcm giri\u015fimlere kar\u015f\u0131 t\u00fcm i\u015f\u00e7i konfederasyonlar\u0131n\u0131 uyan\u0131k olmaya, ortak ve kapsaml\u0131 \u00e7al\u0131\u015fmaya davet etmektedir.<\/span><\/p>\n<p style=\"margin: 0cm 0cm 0.0001pt; background: white; font-variant-ligatures: normal; font-variant-caps: normal; orphans: 2; widows: 2; -webkit-text-stroke-width: 0px; word-spacing: 2px; z-index: 1; text-align: justify;\"><strong style=\"z-index: 1;\"><span style=\"font-family: 'Calibri','sans-serif'; color: #292929;\">2-<\/span><\/strong><span style=\"font-family: 'Calibri','sans-serif'; color: #292929;\">\u00a0Y\u0131llard\u0131r sendikam\u0131z Belediye-\u0130\u015f \u00fcyeleri; bask\u0131yla, i\u015ften atma tehditleriyle, s\u00fcrg\u00fcnle zorla sendikam\u0131zdan kopar\u0131larak yanda\u015f Hak-\u0130\u015f\/Hizmet-\u0130\u015f ve D\u0130SK\/Genel-\u0130\u015f sendikalar\u0131na \u00fcye olmaya zorlanm\u0131\u015ft\u0131r.<\/span><\/p>\n<p style=\"margin: 0cm 0cm 0.0001pt; background: white; font-variant-ligatures: normal; font-variant-caps: normal; orphans: 2; widows: 2; -webkit-text-stroke-width: 0px; word-spacing: 2px; z-index: 1; text-align: justify;\"><span style=\"font-family: 'Calibri','sans-serif'; color: #292929;\">31 Mart 2019 yerel se\u00e7imlerinin ard\u0131ndan; \u00e7al\u0131\u015fanlar\u0131n yasal ve Anayasal sendika se\u00e7me haklar\u0131na sayg\u0131 duyan yeni y\u00f6netim anlay\u0131\u015flar\u0131n\u0131n, \u00f6zg\u00fcrl\u00fck\u00e7\u00fc ortam\u0131nda, demokratik haklar\u0131n\u0131 \u00f6zg\u00fcrce kullanan belediye emek\u00e7ileri, ezici \u00e7o\u011funlukla sendikam\u0131za \u00fcye olmu\u015flard\u0131r.<\/span><\/p>\n<p style=\"margin: 0cm 0cm 0.0001pt; background: white; font-variant-ligatures: normal; font-variant-caps: normal; orphans: 2; widows: 2; -webkit-text-stroke-width: 0px; word-spacing: 2px; z-index: 1; text-align: justify;\"><strong style=\"z-index: 1;\"><span style=\"font-family: 'Calibri','sans-serif'; color: #292929;\">\u0130stanbul B\u00fcy\u00fck\u015fehir Belediyesi<\/span><\/strong><span style=\"font-family: 'Calibri','sans-serif'; color: #292929;\">\u00a0ile i\u015ftirakleri<strong style=\"z-index: 1;\"><span style=\"font-family: 'Calibri','sans-serif';\">\u00a0olan \u0130STON ve \u0130SBAK\u00a0<\/span><\/strong>emek\u00e7ilerinin y\u00fczde 75-80\u2019i,\u00a0<strong style=\"z-index: 1;\"><span style=\"font-family: 'Calibri','sans-serif';\">Antalya B\u00fcy\u00fck\u015fehir<\/span><\/strong>\u00a0ve ba\u011fl\u0131 \u015firketi\u00a0<strong style=\"z-index: 1;\"><span style=\"font-family: 'Calibri','sans-serif';\">Ula\u015f\u0131m A.\u015e.<\/span><\/strong>\u00a0i\u015f\u00e7ilerinin y\u00fczde 80-90\u2019\u0131 ve\u00a0<strong style=\"z-index: 1;\"><span style=\"font-family: 'Calibri','sans-serif';\">Ankara B\u00fcy\u00fck\u015fehir<\/span><\/strong>\u00a0ve ba\u011fl\u0131\u00a0<strong style=\"z-index: 1;\"><span style=\"font-family: 'Calibri','sans-serif';\">ANFA, BELKA ve BELPLAS<\/span><\/strong>\u00a0\u015firketlerinde \u00e7al\u0131\u015fan i\u015f\u00e7ilerin y\u00fczde 70-75\u2019i \u00f6zg\u00fcrce sendikam\u0131z\u0131 tercih etmi\u015ftir.<\/span><\/p>\n<p style=\"margin: 0cm 0cm 0.0001pt; background: white; font-variant-ligatures: normal; font-variant-caps: normal; orphans: 2; widows: 2; -webkit-text-stroke-width: 0px; word-spacing: 2px; z-index: 1; text-align: justify;\"><span style=\"font-family: 'Calibri','sans-serif'; color: #292929;\">\u00dcye kay\u0131plar\u0131n\u0131 i\u00e7ine sindiremeyen, Hak-\u0130\u015f\/Hizmet-\u0130\u015f, yeterli yasal \u00e7o\u011funlu\u011fu olmamas\u0131na ra\u011fmen, \u0130stanbul, Ankara ve Antalya B\u00fcy\u00fck\u015fehir Belediyelerinde ya\u015fad\u0131\u011f\u0131 \u00fcye kayb\u0131n\u0131n intikam\u0131n\u0131 yetki itirazlar\u0131yla toplu s\u00f6zle\u015fmesiz b\u0131rakt\u0131\u011f\u0131 belediye i\u015f\u00e7ilerinden almaya \u00e7al\u0131\u015fm\u0131\u015ft\u0131r.<\/span><\/p>\n<p style=\"margin: 0cm 0cm 0.0001pt; background: white; font-variant-ligatures: normal; font-variant-caps: normal; orphans: 2; widows: 2; -webkit-text-stroke-width: 0px; word-spacing: 2px; z-index: 1; text-align: justify;\"><strong style=\"z-index: 1;\"><span style=\"font-family: 'Calibri','sans-serif'; color: #292929;\">Ba\u015fkanlar Kurulumuz,\u00a0<\/span><\/strong><span style=\"font-family: 'Calibri','sans-serif'; color: #292929;\">Hak-\u0130\u015f\/Hizmet-\u0130\u015f\u2019in yetki itirazlar\u0131n\u0131, hukuki bir hakk\u0131n k\u00f6t\u00fcye kullan\u0131m\u0131 yoluyla, i\u015f\u00e7ilerin Anayasal toplu s\u00f6zle\u015fme haklar\u0131n\u0131n engellenmesi olarak de\u011ferlendirmektedir.<\/span><\/p>\n<p style=\"margin: 0cm 0cm 0.0001pt; background: white; font-variant-ligatures: normal; font-variant-caps: normal; orphans: 2; widows: 2; -webkit-text-stroke-width: 0px; word-spacing: 2px; z-index: 1; text-align: justify;\"><strong style=\"z-index: 1;\"><span style=\"font-family: 'Calibri','sans-serif'; color: #292929;\">Ba\u015fkanlar Kurulumuz,\u00a0<\/span><\/strong><span style=\"font-family: 'Calibri','sans-serif'; color: #292929;\">Hak-\u0130\u015f\/Hizmet-\u0130\u015f\u2019i, emek\u00e7ilerin sendika se\u00e7me ve toplu s\u00f6zle\u015fme haklar\u0131na sayg\u0131 duymaya; emek\u00e7ileri toplu s\u00f6zle\u015fmesiz b\u0131rakarak, onlardan intikam almay\u0131 ama\u00e7layan, hukuksuz, vicdans\u0131z yetki itirazlar\u0131n\u0131 geri \u00e7ekmeye davet etmektedir.<\/span><\/p>\n<p style=\"margin: 0cm 0cm 0.0001pt; background: white; font-variant-ligatures: normal; font-variant-caps: normal; orphans: 2; widows: 2; -webkit-text-stroke-width: 0px; word-spacing: 2px; z-index: 1; text-align: justify;\"><strong style=\"z-index: 1;\"><span style=\"font-family: 'Calibri','sans-serif'; color: #292929;\">3-<\/span><\/strong><span style=\"font-family: 'Calibri','sans-serif'; color: #292929;\">\u00a0Emek\u00e7ilerin ve emek\u00e7i halk\u0131m\u0131z\u0131n g\u00fcnl\u00fck ya\u015fam\u0131n\u0131 alt \u00fcst eden hayat pahal\u0131l\u0131\u011f\u0131, i\u015fsizlik ve yoksulluk t\u00fcm h\u0131z\u0131yla s\u00fcrmekte, emek\u00e7ilerin reel \u00fccretleri her ge\u00e7en g\u00fcn erimekte, al\u0131m g\u00fc\u00e7leri d\u00fc\u015fmektedir.<\/span><\/p>\n<p style=\"margin: 0cm 0cm 0.0001pt; background: white; font-variant-ligatures: normal; font-variant-caps: normal; orphans: 2; widows: 2; -webkit-text-stroke-width: 0px; word-spacing: 2px; z-index: 1; text-align: justify;\"><span style=\"font-family: 'Calibri','sans-serif'; color: #292929;\">Ya\u015fanan ekonomik krizin sorumlusu; sermaye yanl\u0131s\u0131, \u00fcretime dayanmayan rant politikalar\u0131d\u0131r.<\/span><\/p>\n<p style=\"margin: 0cm 0cm 0.0001pt; background: white; font-variant-ligatures: normal; font-variant-caps: normal; orphans: 2; widows: 2; -webkit-text-stroke-width: 0px; word-spacing: 2px; z-index: 1; text-align: justify;\"><strong style=\"z-index: 1;\"><span style=\"font-family: 'Calibri','sans-serif'; color: #292929;\">Ba\u015fkanlar Kurulumuz,<\/span><\/strong><span style=\"font-family: 'Calibri','sans-serif'; color: #292929;\">\u00a0\u00fclkemizin bu cendereden \u00e7\u0131kmas\u0131n\u0131n yolunun, reform ad\u0131 alt\u0131nda kemer s\u0131kma uygulamalar\u0131ndan de\u011fil, \u00fcretime dayal\u0131 kapsay\u0131c\u0131 sosyal devlet mekanizmalar\u0131n\u0131n kurulmas\u0131, ak\u0131lc\u0131, adil ve emekten yana politikalar\u0131n benimsenmesi, vergi ve gelir adaletinin sa\u011flanmas\u0131ndan ge\u00e7ti\u011fine inanmaktad\u0131r.<\/span><\/p>\n<p style=\"margin: 0cm 0cm 0.0001pt; background: white; font-variant-ligatures: normal; font-variant-caps: normal; orphans: 2; widows: 2; -webkit-text-stroke-width: 0px; word-spacing: 2px; z-index: 1; text-align: justify;\"><strong style=\"z-index: 1;\"><span style=\"font-family: 'Calibri','sans-serif'; color: #292929;\">Ba\u015fkanlar Kurulumuz,\u00a0<\/span><\/strong><span style=\"font-family: 'Calibri','sans-serif'; color: #292929;\">krizin faturas\u0131n\u0131n emek\u00e7ilere kesilmemesi i\u00e7in t\u00fcm i\u015f\u00e7i konfederasyonlar\u0131n\u0131 ortak tav\u0131r almaya, eme\u011fin taleplerini y\u00fckseltmek i\u00e7in dayan\u0131\u015fma ve m\u00fccadele hatt\u0131 \u00f6rmeye davet eder.<\/span><\/p>\n<p style=\"margin: 0cm 0cm 0.0001pt; background: white; font-variant-ligatures: normal; font-variant-caps: normal; orphans: 2; widows: 2; -webkit-text-stroke-width: 0px; word-spacing: 2px; z-index: 1; text-align: justify;\"><strong style=\"z-index: 1;\"><span style=\"font-family: 'Calibri','sans-serif'; color: #292929;\">4- Ba\u015fkanlar Kurulumuz,\u00a0<\/span><\/strong><span style=\"font-family: 'Calibri','sans-serif'; color: #292929;\">5620 say\u0131l\u0131 Yasa kapsam\u0131nda y\u0131lda 5 ay 29 g\u00fcn \u00e7al\u0131\u015fan emek\u00e7ilerin ve 696 KHK kapsam\u0131nda \u00e7al\u0131\u015f\u0131rken belediye \u015firketine aktar\u0131lan t\u00fcm \u00e7al\u0131\u015fanlar\u0131n kadrolu istihdama kavu\u015fabilmesi i\u00e7in m\u00fccadelede kararl\u0131d\u0131r.<\/span><\/p>\n<p style=\"margin: 0cm 0cm 0.0001pt; background: white; font-variant-ligatures: normal; font-variant-caps: normal; orphans: 2; widows: 2; -webkit-text-stroke-width: 0px; word-spacing: 2px; z-index: 1; text-align: justify;\"><strong style=\"z-index: 1;\"><span style=\"font-family: 'Calibri','sans-serif'; color: #292929;\">5-\u00a0<\/span><\/strong><span style=\"font-family: 'Calibri','sans-serif'; color: #292929;\">6772 say\u0131l\u0131 Kanun gere\u011fince 52 g\u00fcnl\u00fck \u00fccret tutar\u0131nda kamu kurum ve kurulu\u015flar ile belediyelerde \u00e7al\u0131\u015fan i\u015f\u00e7ilere \u00f6denen ilave tediyeler, belediye \u015firketlerinde \u00e7al\u0131\u015fan i\u015f\u00e7ilere \u00f6denmemektedir. Bu durum Anayasa&#8217;n\u0131n e\u015fitlik ilkesine, hukuka ve vicdana ayk\u0131r\u0131d\u0131r.\u00a0<\/span><\/p>\n<p style=\"margin: 0cm 0cm 0.0001pt; background: white; font-variant-ligatures: normal; font-variant-caps: normal; orphans: 2; widows: 2; -webkit-text-stroke-width: 0px; word-spacing: 2px; z-index: 1; text-align: justify;\"><strong style=\"z-index: 1;\"><span style=\"font-family: 'Calibri','sans-serif'; color: #292929;\">Ba\u015fkanlar Kurulumuz,<\/span><\/strong><span style=\"font-family: 'Calibri','sans-serif'; color: #292929;\">\u00a0belediyelerde halk sa\u011fl\u0131\u011f\u0131 ve g\u00fcvenli\u011fini do\u011frudan ilgilendiren i\u015flerde kamu hizmeti yapan belediye \u015firket i\u015f\u00e7ilerine de, 6772 say\u0131l\u0131 kanun gere\u011fince yasal haklar\u0131 olan y\u0131lda 52 g\u00fcnl\u00fck ilave tediye \u00f6denmesini talep eder.<\/span><\/p>\n<p style=\"margin: 0cm 0cm 0.0001pt; background: white; font-variant-ligatures: normal; font-variant-caps: normal; orphans: 2; widows: 2; -webkit-text-stroke-width: 0px; word-spacing: 2px; z-index: 1; text-align: justify;\"><strong style=\"z-index: 1;\"><span style=\"font-family: 'Calibri','sans-serif'; color: #292929;\">6<\/span><\/strong><span style=\"font-family: 'Calibri','sans-serif'; color: #292929;\">&#8211; \u00dclkemizde t\u00fcm \u00fccretliler, gelir dilimi matrahlar\u0131 adil \u00f6l\u00e7\u00fcde belirlenmedi\u011fi ve g\u00fcncellenmedi\u011fi i\u00e7in her y\u0131l ciddi kayba u\u011framaktad\u0131r. \u00c7al\u0131\u015fanlar\u0131n y\u0131l sonunda eline ge\u00e7en \u00fccretleri, y\u0131lba\u015f\u0131nda ald\u0131klar\u0131 \u00fccretlerin olduk\u00e7a alt\u0131na d\u00fc\u015fmektedir.<\/span><\/p>\n<p style=\"margin: 0cm 0cm 0.0001pt; background: white; font-variant-ligatures: normal; font-variant-caps: normal; orphans: 2; widows: 2; -webkit-text-stroke-width: 0px; word-spacing: 2px; z-index: 1; text-align: justify;\"><strong style=\"z-index: 1;\"><span style=\"font-family: 'Calibri','sans-serif'; color: #292929;\">Ba\u015fkanlar Kurulumuz,<\/span><\/strong><span style=\"font-family: 'Calibri','sans-serif'; color: #292929;\">\u00a0vergi sisteminin Anayasa\u2019n\u0131n 73. maddesindeki maliye politikas\u0131n\u0131n sosyal amac\u0131 olan, vergi y\u00fck\u00fcn\u00fcn adaletli ve dengeli da\u011f\u0131l\u0131m\u0131 esas\u0131na g\u00f6re yeniden d\u00fczenlenmesini talep etmektedir.<\/span><\/p>\n<p style=\"margin: 0cm 0cm 0.0001pt; background: white; font-variant-ligatures: normal; font-variant-caps: normal; orphans: 2; widows: 2; -webkit-text-stroke-width: 0px; word-spacing: 2px; z-index: 1; text-align: justify;\"><strong style=\"z-index: 1;\"><span style=\"font-family: 'Calibri','sans-serif'; color: #292929;\">7-\u00a0<\/span><\/strong><span style=\"font-family: 'Calibri','sans-serif'; color: #292929;\">Demokrasi ve hukuk emek\u00e7inin ekme\u011fidir.\u00a0Demokrasinin olmad\u0131\u011f\u0131 yerde eme\u011fin haklar\u0131, eme\u011fin haklar\u0131n\u0131n olmad\u0131\u011f\u0131 yerde de demokrasi olmaz.<\/span><\/p>\n<p style=\"margin: 0cm 0cm 0.0001pt; background: white; font-variant-ligatures: normal; font-variant-caps: normal; orphans: 2; widows: 2; -webkit-text-stroke-width: 0px; word-spacing: 2px; z-index: 1; text-align: justify;\"><span style=\"font-family: 'Calibri','sans-serif'; color: #292929;\">Demokrasinin var olabilmesi i\u00e7in, laiklik ilkesinin y\u00fcr\u00fcrl\u00fckte olmas\u0131 gerekir. Laikli\u011fin olmad\u0131\u011f\u0131 yerde demokrasinden bahsedilemez.<\/span><\/p>\n<p style=\"margin: 0cm 0cm 0.0001pt; background: white; font-variant-ligatures: normal; font-variant-caps: normal; orphans: 2; widows: 2; -webkit-text-stroke-width: 0px; word-spacing: 2px; z-index: 1; text-align: justify;\"><span style=\"font-family: 'Calibri','sans-serif'; color: #292929;\">Laiklik; devlet, siyaset, hukuk ve e\u011fitim i\u015flerinin dinden ar\u0131nd\u0131r\u0131lmas\u0131, dinin bu alanlara m\u00fcdahale etmemesi \u015fart\u0131yla dini inan\u00e7 ve ibadet \u00f6zg\u00fcrl\u00fc\u011f\u00fcn\u00fcn g\u00fcvence alt\u0131na al\u0131nmas\u0131d\u0131r.<\/span><\/p>\n<p style=\"margin: 0cm 0cm 0.0001pt; background: white; font-variant-ligatures: normal; font-variant-caps: normal; orphans: 2; widows: 2; -webkit-text-stroke-width: 0px; word-spacing: 2px; z-index: 1; text-align: justify;\"><span style=\"font-family: 'Calibri','sans-serif'; color: #292929;\">Demokrasinin var olabilmesi i\u00e7in, yasama, y\u00fcr\u00fctme ve yarg\u0131 aras\u0131nda g\u00fc\u00e7ler ayr\u0131l\u0131\u011f\u0131 ilkesinin uygulanmas\u0131, d\u00fc\u015f\u00fcnce, ifade, yay\u0131n ve \u00f6rg\u00fctlenme \u00f6zg\u00fcrl\u00fc\u011f\u00fcn\u00fcn olmas\u0131, ekonomik ve sosyal adaletin sa\u011flanmas\u0131 gerekir.<\/span><\/p>\n<p style=\"margin: 0cm 0cm 0.0001pt; background: white; font-variant-ligatures: normal; font-variant-caps: normal; orphans: 2; widows: 2; -webkit-text-stroke-width: 0px; word-spacing: 2px; z-index: 1; text-align: justify;\"><strong style=\"z-index: 1;\"><span style=\"font-family: 'Calibri','sans-serif'; color: #292929;\">Ba\u015fkanlar Kurulumuz;<\/span><\/strong><span style=\"font-family: 'Calibri','sans-serif'; color: #292929;\">\u00a0demokrasiyi yeniden in\u015fa etmenin, bizlere ulus olma bilincini veren, bireyi yurtta\u015f konumuna y\u00fckselten laik, demokratik Cumhuriyet\u2019e sahip \u00e7\u0131kmakla, m\u00fcmk\u00fcn oldu\u011funa inanmaktad\u0131r.<\/span><\/p>\n<p style=\"margin: 0cm 0cm 0.0001pt; background: white; font-variant-ligatures: normal; font-variant-caps: normal; orphans: 2; widows: 2; -webkit-text-stroke-width: 0px; word-spacing: 2px; z-index: 1; text-align: justify;\"><strong style=\"z-index: 1;\"><span style=\"font-family: 'Calibri','sans-serif'; color: #292929;\">8- Ba\u015fkanlar Kurulumuz,<\/span><\/strong><span style=\"font-family: 'Calibri','sans-serif'; color: #292929;\">\u00a0\u00fclkemizde toplumsal refah\u0131n artmas\u0131 ve gelir adaletinin sa\u011flanmas\u0131, demokrasinin t\u00fcm kurum ve kurallar\u0131yla yerle\u015fmesi, halk\u0131n iradesinin her alanda egemen k\u0131l\u0131nmas\u0131, i\u015f\u00e7i hak ve \u00f6zg\u00fcrl\u00fcklerinin geli\u015ftirilmesi konular\u0131nda \u00fczerine d\u00fc\u015fen sorumlulu\u011fu yerine getirmekte kararl\u0131d\u0131r. <\/span><\/p>\n<p style=\"margin: 0cm 0cm 0.0001pt; background: white; text-align: justify;\"><span style=\"font-family: 'Calibri','sans-serif'; color: #292929;\">\u00a0<\/span><\/p>\n<p style=\"margin: 0cm 0cm 0.0001pt; background: white; text-align: justify;\"><span style=\"font-family: 'Calibri','sans-serif'; color: #292929;\">11.10.2021<\/span><\/p>\n<p style=\"margin: 0cm 0cm 0.0001pt; background: white; font-variant-ligatures: normal; font-variant-caps: normal; orphans: 2; widows: 2; -webkit-text-stroke-width: 0px; word-spacing: 2px; z-index: 1; text-align: justify;\"><span style=\"font-family: 'Calibri','sans-serif'; color: #292929;\">\u00a0<\/span><\/p>\n<p style=\"margin: 0cm; margin-bottom: .0001pt; background: white; font-variant-ligatures: normal; font-variant-caps: normal; orphans: 2; widows: 2; -webkit-text-stroke-width: 0px; word-spacing: 2px; z-index: 1;\"><span style=\"font-family: 'Calibri','sans-serif'; color: #292929;\">\u00a0<\/span><\/p>\n","protected":false},"excerpt":{"rendered":"<p>Ba\u015fkanlar Kurulumuz, toplant\u0131da yap\u0131lan de\u011ferlendirmeleri ve bu do\u011frultuda alm\u0131\u015f oldu\u011fumuz kararlar\u0131 a\u015fa\u011f\u0131daki \u015fekilde kamuoyuna iletmeyi uygun bulmu\u015ftur: 1-\u00a0Covid-19 salg\u0131n\u0131; sa\u011fl\u0131k ve belediye \u00e7al\u0131\u015fanlar\u0131 ba\u015fta olmak \u00fczere t\u00fcm \u00e7al\u0131\u015fanlar\u0131 etkilemi\u015ftir. Salg\u0131n tedbirleri kapsam\u0131nda bir\u00e7ok k\u0131s\u0131tlaman\u0131n uyguland\u0131\u011f\u0131 ve tam kapanma tedbirlerinin hayata ge\u00e7irildi\u011fi d\u00f6nemde dahi \u00fcretim hizmetleri durmam\u0131\u015f, emek\u00e7iler vir\u00fcs y\u00fck\u00fcne maruz kalm\u0131\u015flard\u0131r. Salg\u0131ndan en olumsuz etkilenenler [&hellip;]<\/p>\n","protected":false},"author":3,"featured_media":1368,"comment_status":"open","ping_status":"open","sticky":false,"template":"","format":"standard","meta":{"jnews-multi-image_gallery":[],"jnews_single_post":{"source_name":"","source_url":"","via_name":"","via_url":"","override_template":"0","override":[{"template":"1","single_blog_custom":"","parallax":"1","fullscreen":"1","layout":"right-sidebar","sidebar":"default-sidebar","second_sidebar":"default-sidebar","sticky_sidebar":"1","share_position":"top","share_float_style":"share-monocrhome","show_share_counter":"1","show_view_counter":"1","show_featured":"1","show_post_meta":"1","show_post_author":"1","show_post_author_image":"1","show_post_date":"1","post_date_format":"default","post_date_format_custom":"Y\/m\/d","show_post_category":"1","show_post_reading_time":"0","post_reading_time_wpm":"300","show_zoom_button":"0","zoom_button_out_step":"2","zoom_button_in_step":"3","show_post_tag":"1","show_prev_next_post":"1","show_popup_post":"1","number_popup_post":"1","show_author_box":"0","show_post_related":"0","show_inline_post_related":"0"}],"override_image_size":"0","image_override":[{"single_post_thumbnail_size":"crop-500","single_post_gallery_size":"crop-500"}],"trending_post":"0","trending_post_position":"meta","trending_post_label":"Trending","sponsored_post":"0","sponsored_post_label":"Sponsored by","sponsored_post_name":"","sponsored_post_url":"","sponsored_post_logo_enable":"0","sponsored_post_logo":"","sponsored_post_desc":"","disable_ad":"0"},"jnews_primary_category":{"id":""},"jnews_social_meta":{"fb_title":"","fb_description":"","fb_image":"","twitter_title":"","twitter_description":"","twitter_image":""},"jnews_override_counter":{"override_view_counter":"0","view_counter_number":"0","override_share_counter":"0","share_counter_number":"0","override_like_counter":"0","like_counter_number":"0","override_dislike_counter":"0","dislike_counter_number":"0"},"footnotes":""},"categories":[1],"tags":[103,109,118],"class_list":["post-1340","post","type-post","status-publish","format-standard","has-post-thumbnail","hentry","category-genel","tag-basin-aciklamasi","tag-baskanlar-kurulu","tag-covid"],"_links":{"self":[{"href":"http:\/\/belediyeis.org.tr\/merkez\/wp-json\/wp\/v2\/posts\/1340","targetHints":{"allow":["GET"]}}],"collection":[{"href":"http:\/\/belediyeis.org.tr\/merkez\/wp-json\/wp\/v2\/posts"}],"about":[{"href":"http:\/\/belediyeis.org.tr\/merkez\/wp-json\/wp\/v2\/types\/post"}],"author":[{"embeddable":true,"href":"http:\/\/belediyeis.org.tr\/merkez\/wp-json\/wp\/v2\/users\/3"}],"replies":[{"embeddable":true,"href":"http:\/\/belediyeis.org.tr\/merkez\/wp-json\/wp\/v2\/comments?post=1340"}],"version-history":[{"count":4,"href":"http:\/\/belediyeis.org.tr\/merkez\/wp-json\/wp\/v2\/posts\/1340\/revisions"}],"predecessor-version":[{"id":1821,"href":"http:\/\/belediyeis.org.tr\/merkez\/wp-json\/wp\/v2\/posts\/1340\/revisions\/1821"}],"wp:featuredmedia":[{"embeddable":true,"href":"http:\/\/belediyeis.org.tr\/merkez\/wp-json\/wp\/v2\/media\/1368"}],"wp:attachment":[{"href":"http:\/\/belediyeis.org.tr\/merkez\/wp-json\/wp\/v2\/media?parent=1340"}],"wp:term":[{"taxonomy":"category","embeddable":true,"href":"http:\/\/belediyeis.org.tr\/merkez\/wp-json\/wp\/v2\/categories?post=1340"},{"taxonomy":"post_tag","embeddable":true,"href":"http:\/\/belediyeis.org.tr\/merkez\/wp-json\/wp\/v2\/tags?post=1340"}],"curies":[{"name":"wp","href":"https:\/\/api.w.org\/{rel}","templated":true}]}}