{"id":1262,"date":"2021-11-12T15:44:11","date_gmt":"2021-11-12T12:44:11","guid":{"rendered":"http:\/\/belediyeis.org.tr\/merkez\/?p=1262"},"modified":"2022-01-26T13:08:07","modified_gmt":"2022-01-26T10:08:07","slug":"sendikamizdan-ordu-gurgentepe-belediye-baskani-hakkinda-aciklama","status":"publish","type":"post","link":"http:\/\/belediyeis.org.tr\/merkez\/2021\/11\/12\/sendikamizdan-ordu-gurgentepe-belediye-baskani-hakkinda-aciklama\/","title":{"rendered":"Sendikam\u0131zdan Ordu G\u00fcrgentepe Belediye Ba\u015fkan\u0131 Hakk\u0131nda A\u00e7\u0131klama"},"content":{"rendered":"<p style=\"text-align: justify;\"><strong>Belediye-\u0130\u015f Sendikas\u0131 siyasi parti ayr\u0131m\u0131 yapmadan\u00a0 \u00fclke sath\u0131nda y\u00fczlerce belediyede \u00f6rg\u00fctl\u00fc bir sendikad\u0131r. \u00d6rg\u00fctl\u00fc oldu\u011fu i\u015fyerlerinde sendikam\u0131z\u0131n belediye ba\u015fkanlar\u0131na bak\u0131\u015f\u0131, mensup olduklar\u0131 partiye g\u00f6re de\u011fil, eme\u011fe ve emek\u00e7iye verdikleri de\u011fere g\u00f6redir.<\/strong><\/p>\n<p style=\"text-align: justify;\">Ordu G\u00fcrgentepe Belediyesi ve i\u015ftiraki G\u00fcrgentepe Personel Limited \u015firketi sendikam\u0131z Belediye-\u0130\u015f\u2019in y\u0131llard\u0131r \u00f6rg\u00fctl\u00fc oldu\u011fu i\u015fyeridir.<\/p>\n<p style=\"text-align: justify;\">Ordu G\u00fcrgentepe\u2019de 2019 Mart yerel se\u00e7imlerinde isim de\u011fi\u015fse de, se\u00e7imi yine AKP aday\u0131 kazand\u0131. Belediye ba\u015fkan\u0131 se\u00e7ilen AKP\u2019li\u00a0<strong>Ya\u015far \u015eahin<\/strong>, se\u00e7imlerden k\u0131sa bir s\u00fcre sonra, Belediye-\u0130\u015f \u00fcyelerini\u00a0 toplayarak bask\u0131, tehdit ve hakaretlerle sendika de\u011fi\u015ftirmelerini istedi.<\/p>\n<p style=\"text-align: justify;\"><strong>Ya\u015far \u015eahin\u00a0<\/strong>sendikadan istifa edin, aksi taktirde \u00a0<strong>\u201csize bu belediyede\u00a0 ekmek yedirmeyece\u011fiz\u201d\u00a0<\/strong>diyerek i\u015f\u00e7ilerden E-Devlet \u015fifrelerini\u00a0 istemi\u015f, istifa etmeyen \u00fcyelerimizin i\u015fyerleri de\u011fi\u015ftirmi\u015f, bask\u0131, k\u00fcf\u00fcr ve hakaret her ge\u00e7en g\u00fcn artarak devam etmi\u015ftir.<\/p>\n<p style=\"text-align: justify;\">T\u00fcm bask\u0131 tehdit ve hakarete ra\u011fmen sendikam\u0131z \u00fcyesi Sevin\u00e7 Karaca ve arkada\u015flar\u0131 Belediye-\u0130\u015f\u2019ten istifa etmeyince de\u00a0<strong>\u201cKu\u015f kadar akl\u0131n\u0131zla bana kar\u015f\u0131 m\u0131 geliyorsunuz\u201d<\/strong>\u00a0diyerek i\u015ften atm\u0131\u015ft\u0131r.<\/p>\n<p style=\"text-align: justify;\">\u015eehit yak\u0131n\u0131 demeden, kad\u0131n demeden, emek\u00e7i demeden seviyesizce hakaret etmekten \u00e7ekinmeyen, kanun d\u00fczen tan\u0131mayan\u00a0<strong>Ya\u015far \u015eahin\u00a0<\/strong>ku\u015fkusuz bu \u00a0davran\u0131\u015flar\u0131yla seviyesini g\u00f6stermi\u015ftir.<strong>\u00a0Necip Faz\u0131l K\u0131sak\u00fcrek\u2019in dedi\u011fi gibi,\u00a0 \u201cKimi insanlar al\u00e7akg\u00f6n\u00fcll\u00fcd\u00fcr, baz\u0131lar\u0131 da al\u00e7ak olmaya g\u00f6n\u00fcll\u00fcd\u00fcr.\u201d<\/strong><\/p>\n<p style=\"text-align: justify;\">Sendikam\u0131z\u00a0<strong>Ya\u015far \u015eahin\u2019<\/strong>in hakaret, k\u00fcf\u00fcr ve hukuksuzluklar\u0131 kar\u015f\u0131s\u0131nda \u00a0\u00fcyelerinin hakk\u0131n\u0131 korumak i\u00e7in an\u0131nda hukuki s\u00fcreci ba\u015flatm\u0131\u015ft\u0131r. Ayr\u0131ca, \u00fcyelerimizin\u00a0 sendikal\u0131 olma hakk\u0131n\u0131 engelleyen, sendika tercihlerine bask\u0131 ve tehditle m\u00fcdahale eden\u00a0<strong>Ya\u015far \u015eahin ba\u015fta olmak \u00fczere ilgili ki\u015filer hakk\u0131nda;<\/strong>\u00a0T\u00fcrk Ceza Kanunun\u00a0<strong>\u201cSendikal Haklar\u0131n Kullan\u0131lmas\u0131n\u0131n Engellenmesi\u201d<\/strong>\u00a0 ba\u015fl\u0131kl\u0131 118. Maddesi gere\u011fi 1 y\u0131ldan 3 y\u0131la kadar hapis talebiyle kamu davas\u0131 a\u00e7\u0131lmas\u0131 i\u00e7in G\u00fcrgentepe Cumhuriyet Ba\u015fsavc\u0131l\u0131\u011f\u0131na su\u00e7 duyurusunda bulunmu\u015ftur.<\/p>\n<p style=\"text-align: justify;\">Sendikam\u0131z\u0131n\u00a0<strong>Ya\u015far \u015eahin ba\u015fta olmak \u00fczere ilgili ki\u015filer yarg\u0131lanmas\u0131 i\u00e7in\u00a0<\/strong>2019 y\u0131l\u0131nda\u00a0<strong>G\u00fcrgentepe Cumhuriyet Ba\u015fsavc\u0131l\u0131\u011f\u0131na yapt\u0131\u011f\u0131 ba\u015fvuruya, aradan aylar y\u0131llar ge\u00e7mesine ra\u011fmen\u00a0<\/strong>\u0130\u00e7i\u015fleri Bakanl\u0131\u011f\u0131 taraf\u0131ndan olumlu ya da olumsuz bir karar verilmemi\u015f, beklemeye b\u0131rak\u0131lm\u0131\u015ft\u0131r.<\/p>\n<p style=\"text-align: justify;\">Umar\u0131z yetkililer, \u0130Y\u0130 Parti milletvekili L\u00fctf\u00fc T\u00fcrkkan\u2019a g\u00f6sterdikleri tepki kadar, \u00fcyemiz\u00a0<strong>\u015fehit yak\u0131n\u0131, emek\u00e7i Sevin\u00e7 Karaca\u2019n\u0131n ya\u015fad\u0131klar\u0131na da g\u00f6sterip, Belediye Ba\u015fkan\u0131 Ya\u015far \u015eahin\u2019i g\u00f6revden al\u0131p,\u00a0<\/strong>aylard\u0131r verilmeyen yarg\u0131lama iznini verirler. \u00a0Sendikam\u0131z bu s\u00fcrecin de takip\u00e7isi olacakt\u0131r.<\/p>\n<p style=\"text-align: justify;\">Sayg\u0131lar\u0131m\u0131zla.<\/p>\n<p style=\"text-align: justify;\">12.11.2021<\/p>\n<p style=\"text-align: justify;\"><strong>Belediye-\u0130\u015f Sendikas\u0131<\/strong><\/p>\n<p>&nbsp;<\/p>\n<p>&nbsp;<\/p>\n<p>&nbsp;<\/p>\n","protected":false},"excerpt":{"rendered":"<p>Belediye-\u0130\u015f Sendikas\u0131 siyasi parti ayr\u0131m\u0131 yapmadan\u00a0 \u00fclke sath\u0131nda y\u00fczlerce belediyede \u00f6rg\u00fctl\u00fc bir sendikad\u0131r. \u00d6rg\u00fctl\u00fc oldu\u011fu i\u015fyerlerinde sendikam\u0131z\u0131n belediye ba\u015fkanlar\u0131na bak\u0131\u015f\u0131, mensup olduklar\u0131 partiye g\u00f6re de\u011fil, eme\u011fe ve emek\u00e7iye verdikleri de\u011fere g\u00f6redir. Ordu G\u00fcrgentepe Belediyesi ve i\u015ftiraki G\u00fcrgentepe Personel Limited \u015firketi sendikam\u0131z Belediye-\u0130\u015f\u2019in y\u0131llard\u0131r \u00f6rg\u00fctl\u00fc oldu\u011fu i\u015fyeridir. Ordu G\u00fcrgentepe\u2019de 2019 Mart yerel se\u00e7imlerinde isim de\u011fi\u015fse de, [&hellip;]<\/p>\n","protected":false},"author":3,"featured_media":1271,"comment_status":"open","ping_status":"open","sticky":false,"template":"","format":"standard","meta":{"jnews-multi-image_gallery":[],"jnews_single_post":{"source_name":"","source_url":"","via_name":"","via_url":"","override_template":"0","override":[{"template":"1","single_blog_custom":"","parallax":"1","fullscreen":"1","layout":"right-sidebar","sidebar":"default-sidebar","second_sidebar":"default-sidebar","sticky_sidebar":"1","share_position":"top","share_float_style":"share-monocrhome","show_share_counter":"1","show_view_counter":"1","show_featured":"1","show_post_meta":"1","show_post_author":"1","show_post_author_image":"1","show_post_date":"1","post_date_format":"default","post_date_format_custom":"Y\/m\/d","show_post_category":"1","show_post_reading_time":"0","post_reading_time_wpm":"300","show_zoom_button":"0","zoom_button_out_step":"2","zoom_button_in_step":"3","show_post_tag":"1","show_prev_next_post":"1","show_popup_post":"1","number_popup_post":"1","show_author_box":"0","show_post_related":"0","show_inline_post_related":"0"}],"override_image_size":"0","image_override":[{"single_post_thumbnail_size":"crop-500","single_post_gallery_size":"crop-500"}],"trending_post":"0","trending_post_position":"meta","trending_post_label":"Trending","sponsored_post":"0","sponsored_post_label":"Sponsored by","sponsored_post_name":"","sponsored_post_url":"","sponsored_post_logo_enable":"0","sponsored_post_logo":"","sponsored_post_desc":"","disable_ad":"0"},"jnews_primary_category":{"id":""},"jnews_social_meta":{"fb_title":"","fb_description":"","fb_image":"","twitter_title":"","twitter_description":"","twitter_image":""},"jnews_override_counter":{"override_view_counter":"0","view_counter_number":"0","override_share_counter":"0","share_counter_number":"0","override_like_counter":"0","like_counter_number":"0","override_dislike_counter":"0","dislike_counter_number":"0"},"footnotes":""},"categories":[1],"tags":[103,131],"class_list":["post-1262","post","type-post","status-publish","format-standard","has-post-thumbnail","hentry","category-genel","tag-basin-aciklamasi","tag-ordu-sube"],"_links":{"self":[{"href":"http:\/\/belediyeis.org.tr\/merkez\/wp-json\/wp\/v2\/posts\/1262","targetHints":{"allow":["GET"]}}],"collection":[{"href":"http:\/\/belediyeis.org.tr\/merkez\/wp-json\/wp\/v2\/posts"}],"about":[{"href":"http:\/\/belediyeis.org.tr\/merkez\/wp-json\/wp\/v2\/types\/post"}],"author":[{"embeddable":true,"href":"http:\/\/belediyeis.org.tr\/merkez\/wp-json\/wp\/v2\/users\/3"}],"replies":[{"embeddable":true,"href":"http:\/\/belediyeis.org.tr\/merkez\/wp-json\/wp\/v2\/comments?post=1262"}],"version-history":[{"count":2,"href":"http:\/\/belediyeis.org.tr\/merkez\/wp-json\/wp\/v2\/posts\/1262\/revisions"}],"predecessor-version":[{"id":1811,"href":"http:\/\/belediyeis.org.tr\/merkez\/wp-json\/wp\/v2\/posts\/1262\/revisions\/1811"}],"wp:featuredmedia":[{"embeddable":true,"href":"http:\/\/belediyeis.org.tr\/merkez\/wp-json\/wp\/v2\/media\/1271"}],"wp:attachment":[{"href":"http:\/\/belediyeis.org.tr\/merkez\/wp-json\/wp\/v2\/media?parent=1262"}],"wp:term":[{"taxonomy":"category","embeddable":true,"href":"http:\/\/belediyeis.org.tr\/merkez\/wp-json\/wp\/v2\/categories?post=1262"},{"taxonomy":"post_tag","embeddable":true,"href":"http:\/\/belediyeis.org.tr\/merkez\/wp-json\/wp\/v2\/tags?post=1262"}],"curies":[{"name":"wp","href":"https:\/\/api.w.org\/{rel}","templated":true}]}}