{"id":1256,"date":"2021-11-25T15:35:20","date_gmt":"2021-11-25T12:35:20","guid":{"rendered":"http:\/\/belediyeis.org.tr\/merkez\/?p=1256"},"modified":"2022-01-26T13:07:17","modified_gmt":"2022-01-26T10:07:17","slug":"1256","status":"publish","type":"post","link":"http:\/\/belediyeis.org.tr\/merkez\/2021\/11\/25\/1256\/","title":{"rendered":"Bu Hayat Pahal\u0131l\u0131\u011f\u0131nda Toplu S\u00f6zle\u015fmeyi Engellemek, Ge\u00e7inemeyen Emek\u00e7iye \u0130hanettir"},"content":{"rendered":"<p style=\"text-align: justify;\">31 Mart-Haziran 2019 yerel se\u00e7imlerinde iktidara gelen demokratik, \u00f6zg\u00fcrl\u00fck\u00e7\u00fc belediye y\u00f6netimlerinin olu\u015fturdu\u011fu ortamda, ezici \u00e7o\u011funlukla Belediye-\u0130\u015f\u2019e \u00fcye olan, onbinlerce \u0130stanbul, ve Ankara B\u00fcy\u00fck\u015fehir Belediyesi i\u015f\u00e7isi, Hak-\u0130\u015f\/Hizmet-\u0130\u015f\u2019in haks\u0131z hukuksuz yetki itirazlar\u0131 nedeniyle aylard\u0131r toplu s\u00f6zle\u015fme yapam\u0131yor.<\/p>\n<p style=\"text-align: justify;\">Hak-\u0130\u015f\/Hizmet-\u0130\u015f, Bakanl\u0131k ve mahkemelerin karanl\u0131k koridorlar\u0131nda kurdu\u011fu ili\u015fkilerle, yetki tespit ve bilirki\u015fi itirazlar\u0131yla Anayasal sendika se\u00e7me haklar\u0131n\u0131 kullanan onbinlerce belediye emek\u00e7isi ve\u00a0 aileleri bu hayat pahal\u0131l\u0131\u011f\u0131nda, bu enflasyon ortam\u0131nda a\u00e7l\u0131\u011fa mahk\u00fbm ediliyor.<\/p>\n<p style=\"text-align: justify;\">\u0130stanbul B\u00fcy\u00fck\u015fehir Belediyesi ile belediye i\u015ftirakleri; \u0130STON A.\u015e. , \u0130SBAK A.\u015e., \u0130SFALT A.\u015e., \u0130SPARK A.\u015e, K\u00fclt\u00fcr A.\u015e ve \u0130ETT Genel M\u00fcd\u00fcrl\u00fc\u011f\u00fc ile Ankara B\u00fcy\u00fck\u015fehir Belediyesi ve i\u015ftirakleri ANFA A.\u015e., BELPA A.\u015e., BELKA A.\u015e. ve BELPLAS A.\u015e.\u2019de \u00e7al\u0131\u015fan toplamda 25 bin i\u015f\u00e7i, aileleriyle birlikte y\u00fcz bin ki\u015fi Hak-\u0130\u015f\/Hizmet-\u0130\u015f\u2019in itirazlar\u0131 nedeniyle toplu s\u00f6zle\u015fme yapam\u0131yor,\u00a0 hayat pahal\u0131l\u0131\u011f\u0131 alt\u0131nda her g\u00fcn eriyen \u00fccretiyle art\u0131k hi\u00e7bir \u015fekilde GE\u00c7\u0130NEM\u0130YOR.<\/p>\n<p style=\"text-align: justify;\">BU HAYAT PAHALILI\u011eINDA, EMEK D\u00dc\u015eMANLI\u011eINI BIRAKIN<\/p>\n<p style=\"text-align: justify;\">\u0130\u00c7\u0130N\u0130ZDE B\u0130RAZ V\u0130CDAN, B\u0130RAZ \u0130NSANLIK KALDIYSA YETK\u0130 \u0130T\u0130RAZLARINI DERHAL GER\u0130 \u00c7EK\u0130N<\/p>\n<p style=\"text-align: justify;\">Paran\u0131n pul oldu\u011fu, \u00e7ocuk bezinden mamaya, akaryak\u0131ttan ete, ya\u011fa, i\u011fneden ipli\u011fe her \u015feye her an, her g\u00fcn zam geldi\u011fi, emek\u00e7ilerin GE\u00c7\u0130NEMED\u0130\u011e\u0130 i\u00e7in feryat etti\u011fi bir\u00a0 d\u00f6nemde yeterli yasal \u00e7o\u011funlu\u011fu olmamas\u0131na ra\u011fmen, Hak-\u0130\u015f\/Hizmet-\u0130\u015f\u2019in yapt\u0131\u011f\u0131 bu itirazlar, yasal sendikal hakk\u0131n kullan\u0131m\u0131 de\u011fil, binlerce i\u015f\u00e7iyi aylarca toplu s\u00f6zle\u015fmesiz b\u0131rakarak onlar\u0131n ekme\u011fini \u00e7almakt\u0131r.<\/p>\n<p style=\"text-align: justify;\">Emek ve emek\u00e7i d\u00fc\u015fmanl\u0131\u011f\u0131d\u0131r.<\/p>\n<p style=\"text-align: justify;\">Y\u0131llarca aidat\u0131n\u0131 ald\u0131\u011f\u0131n\u0131z i\u015f\u00e7iye ihanetiniz art\u0131k yeter!<\/p>\n<p style=\"text-align: justify;\">Bug\u00fcne kadar hi\u00e7bir yap\u0131 sizin gibi, i\u015f\u00e7inin ekme\u011fiyle oynayarak seviyesini \u00e7ukur d\u00fczeyine d\u00fc\u015f\u00fcrmemi\u015ftir.<\/p>\n<p style=\"text-align: justify;\">ARTIK YETER !\u2026<\/p>\n<p style=\"text-align: justify;\">\u0130\u00e7inizde insanl\u0131k kald\u0131ysa, biraz vicdan varsa, belediye emek\u00e7ilerinin toplu s\u00f6zle\u015fme yapmas\u0131 \u00f6n\u00fcnde takoz olmay\u0131n, bu haks\u0131z hukuksuz itirazlar\u0131 geri \u00e7ekin.<\/p>\n<p style=\"text-align: justify;\">Aksi taktirde, evine ekmek g\u00f6t\u00fcremeyen, \u00e7ocu\u011funa har\u00e7l\u0131k veremeyen i\u015f\u00e7inin demokratik tepkini g\u00f6rmeniz ve insan i\u00e7ine \u00e7\u0131kamayacak hale gelmeniz ka\u00e7\u0131n\u0131lmaz olacakt\u0131r.<\/p>\n<p style=\"text-align: justify;\">Unutmay\u0131n, \u00e7ocu\u011funun ihtiya\u00e7lar\u0131n\u0131, evinin ihtiya\u00e7lar\u0131n\u0131 kar\u015f\u0131layamayan bir i\u015f\u00e7inin \u00f6fkesinin \u00f6n\u00fcnde hi\u00e7bir g\u00fc\u00e7 duramaz.<\/p>\n<p style=\"text-align: justify;\">Belediye-\u0130\u015f, di\u015fiyle t\u0131rna\u011f\u0131 ile emek vererek\u00a0 \u00f6rg\u00fctlendi\u011fi i\u015fyerlerinde anas\u0131n\u0131n ak s\u00fct\u00fc kadar helal olan toplu s\u00f6zle\u015fme yapma hakk\u0131n\u0131,\u00a0 i\u015f\u00e7inin iradesine ipotek koyarak vermeyenle de, verdirmeyenle de m\u00fccadele etmekten asla vazge\u00e7meyecektir.<\/p>\n<p style=\"text-align: justify;\">Sayg\u0131lar\u0131m\u0131zla.<\/p>\n<p style=\"text-align: justify;\">25.11.2021<\/p>\n<p style=\"text-align: justify;\">Belediye-\u0130\u015f Sendikas\u0131<\/p>\n<p style=\"text-align: justify;\">\n<p style=\"text-align: justify;\">\n<p style=\"text-align: justify;\">\n","protected":false},"excerpt":{"rendered":"<p>31 Mart-Haziran 2019 yerel se\u00e7imlerinde iktidara gelen demokratik, \u00f6zg\u00fcrl\u00fck\u00e7\u00fc belediye y\u00f6netimlerinin olu\u015fturdu\u011fu ortamda, ezici \u00e7o\u011funlukla Belediye-\u0130\u015f\u2019e \u00fcye olan, onbinlerce \u0130stanbul, ve Ankara B\u00fcy\u00fck\u015fehir Belediyesi i\u015f\u00e7isi, Hak-\u0130\u015f\/Hizmet-\u0130\u015f\u2019in haks\u0131z hukuksuz yetki itirazlar\u0131 nedeniyle aylard\u0131r toplu s\u00f6zle\u015fme yapam\u0131yor. Hak-\u0130\u015f\/Hizmet-\u0130\u015f, Bakanl\u0131k ve mahkemelerin karanl\u0131k koridorlar\u0131nda kurdu\u011fu ili\u015fkilerle, yetki tespit ve bilirki\u015fi itirazlar\u0131yla Anayasal sendika se\u00e7me haklar\u0131n\u0131 kullanan onbinlerce belediye [&hellip;]<\/p>\n","protected":false},"author":3,"featured_media":1257,"comment_status":"open","ping_status":"open","sticky":false,"template":"","format":"standard","meta":{"jnews-multi-image_gallery":[],"jnews_single_post":{"source_name":"","source_url":"","via_name":"","via_url":"","override_template":"0","override":[{"template":"1","single_blog_custom":"","parallax":"1","fullscreen":"1","layout":"right-sidebar","sidebar":"default-sidebar","second_sidebar":"default-sidebar","sticky_sidebar":"1","share_position":"top","share_float_style":"share-monocrhome","show_share_counter":"1","show_view_counter":"1","show_featured":"1","show_post_meta":"1","show_post_author":"1","show_post_author_image":"1","show_post_date":"1","post_date_format":"default","post_date_format_custom":"Y\/m\/d","show_post_category":"1","show_post_reading_time":"0","post_reading_time_wpm":"300","show_zoom_button":"0","zoom_button_out_step":"2","zoom_button_in_step":"3","show_post_tag":"1","show_prev_next_post":"1","show_popup_post":"1","number_popup_post":"1","show_author_box":"0","show_post_related":"0","show_inline_post_related":"0"}],"override_image_size":"0","image_override":[{"single_post_thumbnail_size":"crop-500","single_post_gallery_size":"crop-500"}],"trending_post":"0","trending_post_position":"meta","trending_post_label":"Trending","sponsored_post":"0","sponsored_post_label":"Sponsored by","sponsored_post_name":"","sponsored_post_url":"","sponsored_post_logo_enable":"0","sponsored_post_logo":"","sponsored_post_desc":"","disable_ad":"0"},"jnews_primary_category":{"id":""},"jnews_social_meta":{"fb_title":"","fb_description":"","fb_image":"","twitter_title":"","twitter_description":"","twitter_image":""},"jnews_override_counter":{"override_view_counter":"0","view_counter_number":"0","override_share_counter":"0","share_counter_number":"0","override_like_counter":"0","like_counter_number":"0","override_dislike_counter":"0","dislike_counter_number":"0"},"footnotes":""},"categories":[1],"tags":[129,103,130,114],"class_list":["post-1256","post","type-post","status-publish","format-standard","has-post-thumbnail","hentry","category-genel","tag-ankara","tag-basin-aciklamasi","tag-belediye","tag-istanbul"],"_links":{"self":[{"href":"http:\/\/belediyeis.org.tr\/merkez\/wp-json\/wp\/v2\/posts\/1256","targetHints":{"allow":["GET"]}}],"collection":[{"href":"http:\/\/belediyeis.org.tr\/merkez\/wp-json\/wp\/v2\/posts"}],"about":[{"href":"http:\/\/belediyeis.org.tr\/merkez\/wp-json\/wp\/v2\/types\/post"}],"author":[{"embeddable":true,"href":"http:\/\/belediyeis.org.tr\/merkez\/wp-json\/wp\/v2\/users\/3"}],"replies":[{"embeddable":true,"href":"http:\/\/belediyeis.org.tr\/merkez\/wp-json\/wp\/v2\/comments?post=1256"}],"version-history":[{"count":3,"href":"http:\/\/belediyeis.org.tr\/merkez\/wp-json\/wp\/v2\/posts\/1256\/revisions"}],"predecessor-version":[{"id":1810,"href":"http:\/\/belediyeis.org.tr\/merkez\/wp-json\/wp\/v2\/posts\/1256\/revisions\/1810"}],"wp:featuredmedia":[{"embeddable":true,"href":"http:\/\/belediyeis.org.tr\/merkez\/wp-json\/wp\/v2\/media\/1257"}],"wp:attachment":[{"href":"http:\/\/belediyeis.org.tr\/merkez\/wp-json\/wp\/v2\/media?parent=1256"}],"wp:term":[{"taxonomy":"category","embeddable":true,"href":"http:\/\/belediyeis.org.tr\/merkez\/wp-json\/wp\/v2\/categories?post=1256"},{"taxonomy":"post_tag","embeddable":true,"href":"http:\/\/belediyeis.org.tr\/merkez\/wp-json\/wp\/v2\/tags?post=1256"}],"curies":[{"name":"wp","href":"https:\/\/api.w.org\/{rel}","templated":true}]}}