{"id":1250,"date":"2021-12-01T15:22:03","date_gmt":"2021-12-01T12:22:03","guid":{"rendered":"http:\/\/belediyeis.org.tr\/merkez\/?p=1250"},"modified":"2022-01-26T13:06:46","modified_gmt":"2022-01-26T10:06:46","slug":"bazi-kalemlerin-kiralanabilir-veya-satin-alinabilir-olmasi-basin-acisindan-uzucudur","status":"publish","type":"post","link":"http:\/\/belediyeis.org.tr\/merkez\/2021\/12\/01\/bazi-kalemlerin-kiralanabilir-veya-satin-alinabilir-olmasi-basin-acisindan-uzucudur\/","title":{"rendered":"Baz\u0131 kalemlerin, kiralanabilir veya sat\u0131n al\u0131nabilir olmas\u0131 bas\u0131n a\u00e7\u0131s\u0131ndan \u00fcz\u00fcc\u00fcd\u00fcr"},"content":{"rendered":"<p style=\"text-align: justify;\">Belediye-\u0130\u015f Sendikas\u0131 Karab\u00fck \u015eube se\u00e7imleri s\u00fcrecinde delege adaylardan R\u0131za Ta\u015fdelen lehine tek y\u00f6nl\u00fc as\u0131ls\u0131z haberler yapan www.karabuknethaber.com\u00a0 haberleri hakk\u0131nda zorunlu bir a\u00e7\u0131klama.<\/p>\n<p style=\"text-align: justify;\">Baz\u0131 kalemlerin, kiralanabilir veya sat\u0131n al\u0131nabilir olmas\u0131 bas\u0131n a\u00e7\u0131s\u0131ndan \u00fcz\u00fcc\u00fcd\u00fcr. Ancak, Belediye-\u0130\u015f Sendikas\u0131 ve \u00fcyeleri, ne kiral\u0131kt\u0131r, ne de sat\u0131l\u0131k.<\/p>\n<p style=\"text-align: justify;\">Belediye-\u0130\u015f Sendikas\u0131, dil, \u0131rk, renk, cinsiyet, siyasi d\u00fc\u015f\u00fcnce, felsefi inan\u00e7, din ve mezhep fark\u0131 g\u00f6zetmeksizin, demokratik ilkelerden sapmadan \u00fcyelerinin ekonomik, sosyal hak ve menfaatlerini koruma ve geli\u015ftirme amac\u0131yla \u00e7al\u0131\u015fmay\u0131 ilke edinmi\u015f bir sendikad\u0131r.<\/p>\n<p style=\"text-align: justify;\">Sendikam\u0131z Ana T\u00fcz\u00fc\u011f\u00fc gere\u011fi \u015fube genel kurullar\u0131 \u00fcye say\u0131s\u0131 500\u2019e kadar olan \u015fubelerimizde \u00fcyelerin kat\u0131l\u0131m\u0131yla, \u00fcye say\u0131s\u0131 500 \u00fcyeyi a\u015fan \u015fubelerimizde ise \u00fcyeler aras\u0131ndan se\u00e7ilen delegelerin kat\u0131l\u0131m\u0131 ile yap\u0131l\u0131r.<\/p>\n<p style=\"text-align: justify;\">Belediye-\u0130\u015f Sendikas\u0131 Karab\u00fck \u015eubesi Genel Kurulu t\u00fcz\u00fck gere\u011fi delegelerin kat\u0131l\u0131m\u0131 ile yap\u0131lmaktad\u0131r. Karab\u00fck \u015eubemize ba\u011fl\u0131 i\u015fyerlerinde t\u00fcm yasal ve demokratik s\u00fcre\u00e7ler i\u015fletilerek yap\u0131lan delege se\u00e7imleri sonucu, www.karabuknethaber.com sitesinin tek yanl\u0131 haberlerle destekledi\u011fi R\u0131za Ta\u015fdelen, belediye emek\u00e7isi \u00e7al\u0131\u015fma arkada\u015flar\u0131n\u0131n deste\u011fini kazanamay\u0131p delege se\u00e7ilememi\u015ftir.<\/p>\n<p style=\"text-align: justify;\">S\u00f6z konusu delege aday\u0131n\u0131n bas\u0131n b\u00fcrosu olarak i\u015flev g\u00f6ren www.karabuknethaber.com sitesi yapt\u0131\u011f\u0131 haberde Genel Ba\u015fkan Nihat Yurdakul taraf\u0131ndan delege se\u00e7ilemeyen s\u00f6z konusu aday\u0131n, \u00f6n\u00fcndeki t\u00fcm demokratik kap\u0131lar\u0131 kapatt\u0131\u011f\u0131 iddias\u0131nda bulunmu\u015ftur. Ayr\u0131ca s\u00f6z konusu site, \u00fcyelerimizi i\u015fkolundaki yanda\u015f bir sendikaya y\u00f6nlendirme \u00e7abas\u0131 i\u00e7ine girmi\u015ftir.<\/p>\n<p style=\"text-align: justify;\">Delege se\u00e7imine girip aday olmak ne kadar demokratik bir haksa, \u00f6zg\u00fcr iradeleriyle oy kullanan belediye i\u015f\u00e7ilerinin o ki\u015fiyi se\u00e7memeleri de o kadar demokratiktir.<\/p>\n<p style=\"text-align: justify;\">Delege aday\u0131 olunca t\u00fcm demokratik yollar a\u00e7\u0131kken, delege aday\u0131n\u0131 \u00e7al\u0131\u015fma arkada\u015flar\u0131 se\u00e7meyince mi t\u00fcm demokratik yollar t\u0131kanmaktad\u0131r? Yoksa, destekledi\u011fi aday, se\u00e7imi kaybedince, belediye i\u015f\u00e7ilerini bir meta olarak g\u00f6r\u00fcp, sa\u011fa sola pazarlamaya \u00e7al\u0131\u015f\u0131p, \u015fantajla kendine yer a\u00e7maya \u00e7al\u0131\u015fmak m\u0131 demokratiktir?<\/p>\n<p style=\"text-align: justify;\">Bu olsa olsa h\u0131rs\u0131n akl\u0131n \u00f6n\u00fcne ge\u00e7mesi, demokrasiyi hazmedememe veya \u00f6z\u00fcmseyememe olarak nitelendirilebilir.<\/p>\n<p style=\"text-align: justify;\">K\u0130\u015e\u0130 HERKES\u0130 KEND\u0130 G\u0130B\u0130 B\u0130L\u0130RM\u0130\u015e.<\/p>\n<p style=\"text-align: justify;\">Baz\u0131 kalemlerin, kiralanabilir veya sat\u0131n al\u0131nabilir olmas\u0131, bas\u0131n\u0131m\u0131z a\u00e7\u0131s\u0131ndan \u00fcz\u00fcc\u00fcd\u00fcr. Ancak, Belediye-\u0130\u015f \u00fcyeleri ve delegeleri ne kiral\u0131kt\u0131r, ne de sat\u0131l\u0131k.<\/p>\n<p style=\"text-align: justify;\">Biraz ak\u0131l, biraz muhakeme l\u00fctfen. \u00c7ok fazla bir \u015fey istemiyoruz, g\u00f6nl\u00fcn\u00fczden ge\u00e7eni veya size dikte edileni haber diye yazarken, yazd\u0131\u011f\u0131n\u0131z\u0131 bir kez okuyun. Haber yazarken Belediye-\u0130\u015f \u00fcyelerinin akl\u0131n\u0131 k\u00fc\u00e7\u00fcmsemeyin. Ayr\u0131ca, Belediye-\u0130\u015f delegelerinin de kimsenin tapulu mal\u0131 olmad\u0131\u011f\u0131n\u0131 akl\u0131n\u0131zdan \u00e7\u0131karmay\u0131n.<\/p>\n<p style=\"text-align: justify;\">Belediye-\u0130\u015f, maddi, manevi desteklerle, yerel medyay\u0131 arkalar\u0131na al\u0131p, yalan yanl\u0131\u015f bilgilerle sa\u011fa sola \u00e7amur atanlar\u0131n \u00f6rg\u00fct\u00fc de\u011fil, belediye emek\u00e7isinin sesidir, solu\u011fudur, emek \u00f6rg\u00fct\u00fcd\u00fcr. Sayg\u0131lar\u0131m\u0131zla. 01.12.2021<\/p>\n<p style=\"text-align: justify;\">Belediye-\u0130\u015f Sendikas\u0131<\/p>\n<p style=\"text-align: justify;\">\n<p style=\"text-align: justify;\">\n","protected":false},"excerpt":{"rendered":"<p>Belediye-\u0130\u015f Sendikas\u0131 Karab\u00fck \u015eube se\u00e7imleri s\u00fcrecinde delege adaylardan R\u0131za Ta\u015fdelen lehine tek y\u00f6nl\u00fc as\u0131ls\u0131z haberler yapan www.karabuknethaber.com\u00a0 haberleri hakk\u0131nda zorunlu bir a\u00e7\u0131klama. Baz\u0131 kalemlerin, kiralanabilir veya sat\u0131n al\u0131nabilir olmas\u0131 bas\u0131n a\u00e7\u0131s\u0131ndan \u00fcz\u00fcc\u00fcd\u00fcr. Ancak, Belediye-\u0130\u015f Sendikas\u0131 ve \u00fcyeleri, ne kiral\u0131kt\u0131r, ne de sat\u0131l\u0131k. Belediye-\u0130\u015f Sendikas\u0131, dil, \u0131rk, renk, cinsiyet, siyasi d\u00fc\u015f\u00fcnce, felsefi inan\u00e7, din ve mezhep [&hellip;]<\/p>\n","protected":false},"author":3,"featured_media":752,"comment_status":"open","ping_status":"open","sticky":false,"template":"","format":"standard","meta":{"jnews-multi-image_gallery":[],"jnews_single_post":{"source_name":"","source_url":"","via_name":"","via_url":"","override_template":"0","override":[{"template":"1","single_blog_custom":"","parallax":"1","fullscreen":"1","layout":"right-sidebar","sidebar":"default-sidebar","second_sidebar":"default-sidebar","sticky_sidebar":"1","share_position":"top","share_float_style":"share-monocrhome","show_share_counter":"1","show_view_counter":"1","show_featured":"1","show_post_meta":"1","show_post_author":"1","show_post_author_image":"1","show_post_date":"1","post_date_format":"default","post_date_format_custom":"Y\/m\/d","show_post_category":"1","show_post_reading_time":"0","post_reading_time_wpm":"300","show_zoom_button":"0","zoom_button_out_step":"2","zoom_button_in_step":"3","show_post_tag":"1","show_prev_next_post":"1","show_popup_post":"1","number_popup_post":"1","show_author_box":"0","show_post_related":"0","show_inline_post_related":"0"}],"override_image_size":"0","image_override":[{"single_post_thumbnail_size":"crop-500","single_post_gallery_size":"crop-500"}],"trending_post":"0","trending_post_position":"meta","trending_post_label":"Trending","sponsored_post":"0","sponsored_post_label":"Sponsored by","sponsored_post_name":"","sponsored_post_url":"","sponsored_post_logo_enable":"0","sponsored_post_logo":"","sponsored_post_desc":"","disable_ad":"0"},"jnews_primary_category":{"id":""},"jnews_social_meta":{"fb_title":"","fb_description":"","fb_image":"","twitter_title":"","twitter_description":"","twitter_image":""},"jnews_override_counter":{"override_view_counter":"0","view_counter_number":"0","override_share_counter":"0","share_counter_number":"0","override_like_counter":"0","like_counter_number":"0","override_dislike_counter":"0","dislike_counter_number":"0"},"footnotes":""},"categories":[1],"tags":[103,128],"class_list":["post-1250","post","type-post","status-publish","format-standard","has-post-thumbnail","hentry","category-genel","tag-basin-aciklamasi","tag-karabuk-sube"],"_links":{"self":[{"href":"http:\/\/belediyeis.org.tr\/merkez\/wp-json\/wp\/v2\/posts\/1250","targetHints":{"allow":["GET"]}}],"collection":[{"href":"http:\/\/belediyeis.org.tr\/merkez\/wp-json\/wp\/v2\/posts"}],"about":[{"href":"http:\/\/belediyeis.org.tr\/merkez\/wp-json\/wp\/v2\/types\/post"}],"author":[{"embeddable":true,"href":"http:\/\/belediyeis.org.tr\/merkez\/wp-json\/wp\/v2\/users\/3"}],"replies":[{"embeddable":true,"href":"http:\/\/belediyeis.org.tr\/merkez\/wp-json\/wp\/v2\/comments?post=1250"}],"version-history":[{"count":2,"href":"http:\/\/belediyeis.org.tr\/merkez\/wp-json\/wp\/v2\/posts\/1250\/revisions"}],"predecessor-version":[{"id":1809,"href":"http:\/\/belediyeis.org.tr\/merkez\/wp-json\/wp\/v2\/posts\/1250\/revisions\/1809"}],"wp:featuredmedia":[{"embeddable":true,"href":"http:\/\/belediyeis.org.tr\/merkez\/wp-json\/wp\/v2\/media\/752"}],"wp:attachment":[{"href":"http:\/\/belediyeis.org.tr\/merkez\/wp-json\/wp\/v2\/media?parent=1250"}],"wp:term":[{"taxonomy":"category","embeddable":true,"href":"http:\/\/belediyeis.org.tr\/merkez\/wp-json\/wp\/v2\/categories?post=1250"},{"taxonomy":"post_tag","embeddable":true,"href":"http:\/\/belediyeis.org.tr\/merkez\/wp-json\/wp\/v2\/tags?post=1250"}],"curies":[{"name":"wp","href":"https:\/\/api.w.org\/{rel}","templated":true}]}}