{"id":1208,"date":"2021-12-02T13:11:33","date_gmt":"2021-12-02T10:11:33","guid":{"rendered":"http:\/\/belediyeis.org.tr\/merkez\/?p=1208"},"modified":"2022-01-26T13:06:17","modified_gmt":"2022-01-26T10:06:17","slug":"bakirkoy-iscisiyle-dayanisma-katlanarak-buyuyor","status":"publish","type":"post","link":"http:\/\/belediyeis.org.tr\/merkez\/2021\/12\/02\/bakirkoy-iscisiyle-dayanisma-katlanarak-buyuyor\/","title":{"rendered":"Bak\u0131rk\u00f6y \u0130\u015f\u00e7isiyle Dayan\u0131\u015fma Katlanarak B\u00fcy\u00fcyor"},"content":{"rendered":"<p style=\"text-align: justify;\">\u0130stanbul\u2019un ayaz\u0131nda, lodosunda, ya\u011fmurunda 39 g\u00fcnd\u00fcr haklar\u0131 i\u00e7in, \u00e7ocuklar\u0131n\u0131n ekme\u011fi i\u00e7in greve devam eden \u00fcyelerimizin bu onurlu m\u00fccadelesine yurdun d\u00f6rt bir yan\u0131ndan ve her kesimden destek gelmeye devam ediyor. Emek dostlar\u0131, Bak\u0131rk\u00f6y halk\u0131, karde\u015f sendikalar, \u00fcyelerimizin e\u015fleri, \u00e7ocuklar\u0131 ve yurdun d\u00f6rt bir yan\u0131ndan Belediye-\u0130\u015f \u00fcyeleri, Bak\u0131rk\u00f6y\u2019deki \u00fcyelerimizi bir an olsun yaln\u0131z b\u0131rakm\u0131yorlar, onlara moral oluyorlar, g\u00fc\u00e7 veriyorlar.<\/p>\n<p style=\"text-align: justify;\">Grevin ba\u015flad\u0131\u011f\u0131 ilk g\u00fcnden beri, do\u011fudan bat\u0131dan kuzeyden g\u00fcneyden \u00fclkemizin her yerinden \u00fcyelerimiz, ak\u0131n ak\u0131n Bak\u0131rk\u00f6y\u2019e gelmeye devam ediyorlar ve dayan\u0131\u015fman\u0131n, \u00f6rg\u00fctl\u00fc m\u00fccadelenin s\u00f6zle de\u011fil, emek\u00e7i karde\u015flerinin yan\u0131nda olmayla, onlara omuz vermeyle m\u00fcmk\u00fcn olabilece\u011fini bir kez daha g\u00f6steriyorlar.<\/p>\n<p style=\"text-align: justify;\">Belediye-\u0130\u015f\u2019in onurlu \u00fcyeleri ve emek dostlar\u0131; 39 g\u00fcnd\u00fcr, Bak\u0131rk\u00f6y \u00d6zg\u00fcrl\u00fck Meydan\u0131\u2019nda bir oldular, hep bir a\u011f\u0131zdan Bak\u0131rk\u00f6y emek\u00e7isinin haklar\u0131n\u0131 hayk\u0131rd\u0131lar, m\u00fccadelesine ses oldular. Bug\u00fcn de, Adana, Gaziantep, Hatay, \u0130zmir, Kocaeli, Konya, Mersin ve Ni\u011fde\u2019den \u00fcyelerimiz Bak\u0131rk\u00f6y emek\u00e7isinin yan\u0131ndalar. Bug\u00fcn de, sloganlar hep bir a\u011f\u0131zdan at\u0131l\u0131yor, \u0130\u015fverenin \u201cSIFIR ZAM\u201d dayatmas\u0131na kar\u015f\u0131 Bak\u0131rk\u00f6y emek\u00e7isinin m\u00fccadelesi Bak\u0131rk\u00f6y sokaklar\u0131nda bir kez daha, g\u00fc\u00e7l\u00fc bir \u015fekilde yank\u0131lan\u0131yor.<\/p>\n<p style=\"text-align: justify;\">\u00dcyelerimiz, Bak\u0131rk\u00f6y Belediyesi \u00f6n\u00fcnden meydana y\u00fcr\u00fcy\u00fc\u015fleri s\u0131ras\u0131nda polis engeliyle kar\u015f\u0131la\u015ft\u0131lar, k\u0131sa s\u00fcreli bir arbede ya\u015fand\u0131 ve polis baz\u0131 \u00fcyelerimizi g\u00f6zalt\u0131na almak istedi ancak \u00fcyelerimiz sloganlar e\u015fli\u011finde kararl\u0131 bir \u015fekilde Bak\u0131rk\u00f6y \u00d6zg\u00fcrl\u00fck Meydan\u0131\u2019na y\u00fcr\u00fcd\u00fcler.<\/p>\n<p style=\"text-align: justify;\">Burada sendikam\u0131z y\u00f6neticileri taraf\u0131ndan yap\u0131lan bas\u0131n a\u00e7\u0131klamas\u0131nda \u015fu noktalara de\u011finildi: \u201cBug\u00fcne kadar emek d\u00fc\u015fman\u0131 Bak\u0131rk\u00f6y Belediye Ba\u015fkan\u0131n\u0131n k\u00f6r inad\u0131n\u0131 k\u0131rmak i\u00e7in, sab\u0131rla iyi niyetle \u00e7almad\u0131k kap\u0131, g\u00f6r\u00fc\u015fmedik kimse b\u0131rakmad\u0131k. Ald\u0131\u011f\u0131m\u0131z cevap; bak\u0131yoruz, inceliyoruz, ilgileniyoruz. Neye bak\u0131yorsunuz? G\u00f6rm\u00fcyor musunuz? Bu hayat pahal\u0131l\u0131\u011f\u0131nda s\u0131f\u0131r zam teklifi y\u00fcz\u00fcnden, kuru inat y\u00fcz\u00fcnden 300 emek\u00e7i g\u00fcnlerdir grevde. Neyi inceliyorsunuz? 300 emek\u00e7i 39 g\u00fcnd\u00fcr, al\u0131n terinin, \u00e7oluk \u00e7ocu\u011funun ekmek paras\u0131n\u0131n m\u00fccadelesini veriyor. Hamilesi, hastas\u0131, \u00e7oluk \u00e7ocu\u011fu, herkes 39 g\u00fcnd\u00fcr d\u0131\u015farda, so\u011fukta ya\u011fmurda. Onlarca g\u00fcnd\u00fcr kap\u0131n\u0131z\u0131 \u00e7al\u0131yoruz. Bu zulm\u00fc, g\u00f6rm\u00fcyor musunuz? Duymuyor musunuz? Duyuyorsan\u0131z, g\u00f6r\u00fcyorsan\u0131z, ilgileniyorsan\u0131z, inceliyorsan\u0131z 39 g\u00fcnd\u00fcr neden harekete ge\u00e7miyorsunuz?\u201d Mitingte, ayr\u0131ca, T\u00dcRK-\u0130\u015e B\u00f6lge Temsilcisi de bir konu\u015fma ger\u00e7ekle\u015ftirdi.<\/p>\n<p style=\"text-align: justify;\">\u00dcyelerimizin yo\u011fun kat\u0131l\u0131m\u0131yla ger\u00e7ekle\u015fen destek mitingine, emek dostlar\u0131n\u0131n yan\u0131 s\u0131ra T\u00dcRK-\u0130\u015e B\u00f6lge y\u00f6neticileri, T\u00dcMT\u0130S Genel Merkez ve \u015eube y\u00f6neticileri, Tek G\u0131da-\u0130\u015f, Orman-\u0130\u015f, Demiryol-\u0130\u015f, T\u00fcrk Metal 1 Nolu, Toleyis ve Deriteks sendikalar\u0131n\u0131n \u015fube\u00a0 y\u00f6neticileri, sendikam\u0131z Genel Merkez y\u00f6neticileri, Adana, Gaziantep, Hatay, \u0130zmir 1 Nolu, \u0130zmir 2 Nolu, \u0130zmir 3 Nolu \u0130zbeton, \u0130zmir 4 Nolu, \u0130zmir 6 Nolu, \u0130zmir \u00c7evre Belediyeler, Kocaeli, Konya, Mersin, Ni\u011fde, \u0130stanbul 1 Nolu, \u0130stanbul 2 Nolu, \u0130stanbul 3 Nolu \u015fubelerinin ba\u015fkan ve y\u00f6neticileri kat\u0131ld\u0131lar.<\/p>\n<p style=\"text-align: justify;\">\n<p style=\"text-align: justify;\">\n<p style=\"text-align: justify;\">\n<p>&nbsp;<\/p>\n","protected":false},"excerpt":{"rendered":"<p>\u0130stanbul\u2019un ayaz\u0131nda, lodosunda, ya\u011fmurunda 39 g\u00fcnd\u00fcr haklar\u0131 i\u00e7in, \u00e7ocuklar\u0131n\u0131n ekme\u011fi i\u00e7in greve devam eden \u00fcyelerimizin bu onurlu m\u00fccadelesine yurdun d\u00f6rt bir yan\u0131ndan ve her kesimden destek gelmeye devam ediyor. Emek dostlar\u0131, Bak\u0131rk\u00f6y halk\u0131, karde\u015f sendikalar, \u00fcyelerimizin e\u015fleri, \u00e7ocuklar\u0131 ve yurdun d\u00f6rt bir yan\u0131ndan Belediye-\u0130\u015f \u00fcyeleri, Bak\u0131rk\u00f6y\u2019deki \u00fcyelerimizi bir an olsun yaln\u0131z b\u0131rakm\u0131yorlar, onlara moral oluyorlar, [&hellip;]<\/p>\n","protected":false},"author":3,"featured_media":1209,"comment_status":"closed","ping_status":"closed","sticky":false,"template":"","format":"standard","meta":{"jnews-multi-image_gallery":[],"jnews_single_post":{"source_name":"","source_url":"","via_name":"","via_url":"","override_template":"0","override":[{"template":"1","single_blog_custom":"","parallax":"1","fullscreen":"1","layout":"right-sidebar","sidebar":"default-sidebar","second_sidebar":"default-sidebar","sticky_sidebar":"1","share_position":"top","share_float_style":"share-monocrhome","show_share_counter":"1","show_view_counter":"1","show_featured":"1","show_post_meta":"1","show_post_author":"1","show_post_author_image":"1","show_post_date":"1","post_date_format":"default","post_date_format_custom":"Y\/m\/d","show_post_category":"1","show_post_reading_time":"0","post_reading_time_wpm":"300","show_zoom_button":"0","zoom_button_out_step":"2","zoom_button_in_step":"3","show_post_tag":"1","show_prev_next_post":"1","show_popup_post":"1","number_popup_post":"1","show_author_box":"0","show_post_related":"0","show_inline_post_related":"0"}],"override_image_size":"0","image_override":[{"single_post_thumbnail_size":"crop-500","single_post_gallery_size":"crop-500"}],"trending_post":"0","trending_post_position":"meta","trending_post_label":"Trending","sponsored_post":"0","sponsored_post_label":"Sponsored by","sponsored_post_name":"","sponsored_post_url":"","sponsored_post_logo_enable":"0","sponsored_post_logo":"","sponsored_post_desc":"","disable_ad":"0"},"jnews_primary_category":{"id":""},"jnews_social_meta":{"fb_title":"","fb_description":"","fb_image":"","twitter_title":"","twitter_description":"","twitter_image":""},"jnews_override_counter":{"override_view_counter":"0","view_counter_number":"0","override_share_counter":"0","share_counter_number":"0","override_like_counter":"0","like_counter_number":"0","override_dislike_counter":"0","dislike_counter_number":"0"},"footnotes":""},"categories":[1],"tags":[108,103,115,106,107,121],"class_list":["post-1208","post","type-post","status-publish","format-standard","has-post-thumbnail","hentry","category-genel","tag-bakirkoy","tag-basin-aciklamasi","tag-dayanisma","tag-eylem","tag-grev","tag-istanbul-2-nolu-sube"],"_links":{"self":[{"href":"http:\/\/belediyeis.org.tr\/merkez\/wp-json\/wp\/v2\/posts\/1208","targetHints":{"allow":["GET"]}}],"collection":[{"href":"http:\/\/belediyeis.org.tr\/merkez\/wp-json\/wp\/v2\/posts"}],"about":[{"href":"http:\/\/belediyeis.org.tr\/merkez\/wp-json\/wp\/v2\/types\/post"}],"author":[{"embeddable":true,"href":"http:\/\/belediyeis.org.tr\/merkez\/wp-json\/wp\/v2\/users\/3"}],"replies":[{"embeddable":true,"href":"http:\/\/belediyeis.org.tr\/merkez\/wp-json\/wp\/v2\/comments?post=1208"}],"version-history":[{"count":2,"href":"http:\/\/belediyeis.org.tr\/merkez\/wp-json\/wp\/v2\/posts\/1208\/revisions"}],"predecessor-version":[{"id":1808,"href":"http:\/\/belediyeis.org.tr\/merkez\/wp-json\/wp\/v2\/posts\/1208\/revisions\/1808"}],"wp:featuredmedia":[{"embeddable":true,"href":"http:\/\/belediyeis.org.tr\/merkez\/wp-json\/wp\/v2\/media\/1209"}],"wp:attachment":[{"href":"http:\/\/belediyeis.org.tr\/merkez\/wp-json\/wp\/v2\/media?parent=1208"}],"wp:term":[{"taxonomy":"category","embeddable":true,"href":"http:\/\/belediyeis.org.tr\/merkez\/wp-json\/wp\/v2\/categories?post=1208"},{"taxonomy":"post_tag","embeddable":true,"href":"http:\/\/belediyeis.org.tr\/merkez\/wp-json\/wp\/v2\/tags?post=1208"}],"curies":[{"name":"wp","href":"https:\/\/api.w.org\/{rel}","templated":true}]}}